{"id":2150,"date":"2009-05-06T07:40:34","date_gmt":"2009-05-06T06:40:34","guid":{"rendered":"http:\/\/www.mn-nachrichten.de\/?p=2150"},"modified":"2009-05-24T19:08:39","modified_gmt":"2009-05-24T18:08:39","slug":"freiland-lage-in-azular-verscharft-sich","status":"publish","type":"post","link":"https:\/\/www.mn-nachrichten.de\/?p=2150","title":{"rendered":"[Freiland] Lage in Azular versch\u00e4rft sich"},"content":{"rendered":"<p><strong>Wartburg.<\/strong> Die Lage in Azular hat sich nach einem Bericht unseres Korrespondenten weiter versch\u00e4rft. In mehreren Orten nahe der Grenze zu Freiland ist es zu \u00dcbergriffen azularnischer Nationalisten auf Gesch\u00e4fte von freil\u00e4ndischen Einwanderern gekommen. Das Rathaus in Akureyre, in dem ein mehrheitlich gew\u00e4hlter Freil\u00e4nder B\u00fcrgermeister ist, wurde von Nationalisten besetzt.<\/p>\n<p>Als Reaktion auf die Ereignisse ist heute morgen Au\u00dfenminister Stoertebecker nach Azular gereist. Er wird von rund 120 Polizisten auf LKW und gepanzerten Fahrzeugen eskortiert. Ziel ist die Region nahe der Grenze.<\/p>\n<p>Derweil hat auch das verb\u00fcndete Kaiserreich reagiert. In einer Erkl\u00e4rungen gab Seine Majest\u00e4t Regierung Heinrich Louis II. gestern Abend bekannt, dass der Befehl zum Auslaufen eines Fregattengeschwaders in die Gew\u00e4sser \u00f6stlich der Republik Freiland ergangen sei. Man werde dort &#8222;wenn n\u00f6tig und in Absprache mit der Regierung der Republik Freiland, Ma\u00dfnahmen zur Stabilisierung der Region unterst\u00fctzen&#8220;. Kanzler Bl\u00e1th hatte zuvor in seinen politischen Gespr\u00e4chen mit Reichskanzler McClane die Lage in Azular er\u00f6rtert und ein m\u00f6gliches Hilfsangebot dankend angenommen. <em>Freiland TV.<\/em><\/p>\n","protected":false},"excerpt":{"rendered":"<p>Wartburg. Die Lage in Azular hat sich nach einem Bericht unseres Korrespondenten weiter versch\u00e4rft. In mehreren Orten nahe der Grenze zu Freiland ist es zu \u00dcbergriffen azularnischer Nationalisten auf Gesch\u00e4fte von freil\u00e4ndischen Einwanderern gekommen. Das Rathaus in Akureyre, in dem ein mehrheitlich gew\u00e4hlter Freil\u00e4nder B\u00fcrgermeister ist, wurde von Nationalisten besetzt. Als Reaktion auf die Ereignisse [&hellip;]<\/p>\n","protected":false},"author":199,"featured_media":0,"comment_status":"open","ping_status":"closed","sticky":false,"template":"","format":"standard","meta":{"_crdt_document":"","footnotes":""},"categories":[86],"tags":[],"class_list":["post-2150","post","type-post","status-publish","format-standard","hentry","category-untergegangen"],"_links":{"self":[{"href":"https:\/\/www.mn-nachrichten.de\/index.php?rest_route=\/wp\/v2\/posts\/2150","targetHints":{"allow":["GET"]}}],"collection":[{"href":"https:\/\/www.mn-nachrichten.de\/index.php?rest_route=\/wp\/v2\/posts"}],"about":[{"href":"https:\/\/www.mn-nachrichten.de\/index.php?rest_route=\/wp\/v2\/types\/post"}],"author":[{"embeddable":true,"href":"https:\/\/www.mn-nachrichten.de\/index.php?rest_route=\/wp\/v2\/users\/199"}],"replies":[{"embeddable":true,"href":"https:\/\/www.mn-nachrichten.de\/index.php?rest_route=%2Fwp%2Fv2%2Fcomments&post=2150"}],"version-history":[{"count":4,"href":"https:\/\/www.mn-nachrichten.de\/index.php?rest_route=\/wp\/v2\/posts\/2150\/revisions"}],"predecessor-version":[{"id":2199,"href":"https:\/\/www.mn-nachrichten.de\/index.php?rest_route=\/wp\/v2\/posts\/2150\/revisions\/2199"}],"wp:attachment":[{"href":"https:\/\/www.mn-nachrichten.de\/index.php?rest_route=%2Fwp%2Fv2%2Fmedia&parent=2150"}],"wp:term":[{"taxonomy":"category","embeddable":true,"href":"https:\/\/www.mn-nachrichten.de\/index.php?rest_route=%2Fwp%2Fv2%2Fcategories&post=2150"},{"taxonomy":"post_tag","embeddable":true,"href":"https:\/\/www.mn-nachrichten.de\/index.php?rest_route=%2Fwp%2Fv2%2Ftags&post=2150"}],"curies":[{"name":"wp","href":"https:\/\/api.w.org\/{rel}","templated":true}]}}