{"id":2144,"date":"2009-05-02T14:24:52","date_gmt":"2009-05-02T12:24:52","guid":{"rendered":"http:\/\/www.mn-nachrichten.de\/?p=2144"},"modified":"2025-03-21T00:52:31","modified_gmt":"2025-03-20T23:52:31","slug":"bazen-grosherzog-zu-besuch-in-thorchalien","status":"publish","type":"post","link":"https:\/\/www.mn-nachrichten.de\/?p=2144","title":{"rendered":"[Bazen] Gro\u00dfherzog zu Besuch in Thorchalien"},"content":{"rendered":"<p><strong>Ludwigsruh \/ Thorchalien.<\/strong> Gro\u00dfherzog Leopold I. von Bazen ist auf Staatsbesuch im Kaiserthum Thorchalien. Dies ist der erste diplomatische Kontakt Bazens zum Ausland seit Langem. Ziel der Reise ist nach einer Verlautbarung des Au\u00dfenministeriums die Verabschiedung eines Grundlagenvertrages sowie die Begr\u00fcndung wirtschaftlicher Beziehungen zwischen den beiden Staaten.<\/p>\n<p>Derweil wurde im bazischen Landtag das neue Steuergesetz verabschiedet, welches eine Pro-Kopf-Steuer f\u00fcr jeden B\u00fcrger sowie Ein- und Ausfuhr- und Wegez\u00f6lle vorsieht.<\/p>\n","protected":false},"excerpt":{"rendered":"<p>Ludwigsruh \/ Thorchalien. Gro\u00dfherzog Leopold I. von Bazen ist auf Staatsbesuch im Kaiserthum Thorchalien. Dies ist der erste diplomatische Kontakt Bazens zum Ausland seit Langem. Ziel der Reise ist nach einer Verlautbarung des Au\u00dfenministeriums die Verabschiedung eines Grundlagenvertrages sowie die Begr\u00fcndung wirtschaftlicher Beziehungen zwischen den beiden Staaten. Derweil wurde im bazischen Landtag das neue Steuergesetz [&hellip;]<\/p>\n","protected":false},"author":240,"featured_media":0,"comment_status":"open","ping_status":"closed","sticky":false,"template":"","format":"standard","meta":{"_crdt_document":"","footnotes":""},"categories":[984],"tags":[],"class_list":["post-2144","post","type-post","status-publish","format-standard","hentry","category-vormal_bazen"],"_links":{"self":[{"href":"https:\/\/www.mn-nachrichten.de\/index.php?rest_route=\/wp\/v2\/posts\/2144","targetHints":{"allow":["GET"]}}],"collection":[{"href":"https:\/\/www.mn-nachrichten.de\/index.php?rest_route=\/wp\/v2\/posts"}],"about":[{"href":"https:\/\/www.mn-nachrichten.de\/index.php?rest_route=\/wp\/v2\/types\/post"}],"author":[{"embeddable":true,"href":"https:\/\/www.mn-nachrichten.de\/index.php?rest_route=\/wp\/v2\/users\/240"}],"replies":[{"embeddable":true,"href":"https:\/\/www.mn-nachrichten.de\/index.php?rest_route=%2Fwp%2Fv2%2Fcomments&post=2144"}],"version-history":[{"count":3,"href":"https:\/\/www.mn-nachrichten.de\/index.php?rest_route=\/wp\/v2\/posts\/2144\/revisions"}],"predecessor-version":[{"id":2221,"href":"https:\/\/www.mn-nachrichten.de\/index.php?rest_route=\/wp\/v2\/posts\/2144\/revisions\/2221"}],"wp:attachment":[{"href":"https:\/\/www.mn-nachrichten.de\/index.php?rest_route=%2Fwp%2Fv2%2Fmedia&parent=2144"}],"wp:term":[{"taxonomy":"category","embeddable":true,"href":"https:\/\/www.mn-nachrichten.de\/index.php?rest_route=%2Fwp%2Fv2%2Fcategories&post=2144"},{"taxonomy":"post_tag","embeddable":true,"href":"https:\/\/www.mn-nachrichten.de\/index.php?rest_route=%2Fwp%2Fv2%2Ftags&post=2144"}],"curies":[{"name":"wp","href":"https:\/\/api.w.org\/{rel}","templated":true}]}}