{"id":211,"date":"2007-04-21T18:45:03","date_gmt":"2007-04-21T16:45:03","guid":{"rendered":"http:\/\/www.mn-nachrichten.de\/?p=211"},"modified":"2007-05-03T22:08:31","modified_gmt":"2007-05-03T20:08:31","slug":"politische-neueinsteiger-bekommen-eine-chance","status":"publish","type":"post","link":"https:\/\/www.mn-nachrichten.de\/?p=211","title":{"rendered":"[Bergen] Politische Neueinsteiger bekommen eine Chance"},"content":{"rendered":"<p><strong>Bergen &#8211;<\/strong> Die bergische Bundesministerin f\u00fcr Soziales, Bildung und Familie sucht dringend qualikative Unterst\u00fctzung. Daher hat Andrea Nahles (FW) in Bergen eine Stellenanzeige f\u00fcr die Staatssekret\u00e4re in den Bereichen Bildung sowie Soziales heraus gegeben.<\/p>\n<p>Gleichzeitig bewirbt sich die Politikerin um das Amt des Unionspr\u00e4sidentin von Tr\u00fcbergen-Noranda, wo sie nach den Chaos-Wochen um Elisabeth Amalie Eugenie von Bayern als Landeschefin wieder Ruhe, Ordnung und Best\u00e4ndigkeit einbringen will. Um dies aber zu schaffen werden auch dort tatkr\u00e4ftige Menschen aus dem In- und Ausland gesucht um in den Bereichen Inneres, Bildung, Soziales und Wirtschaft wichtige Akzente zu setzen.<\/p>\n","protected":false},"excerpt":{"rendered":"<p>Bergen &#8211; Die bergische Bundesministerin f\u00fcr Soziales, Bildung und Familie sucht dringend qualikative Unterst\u00fctzung. Daher hat Andrea Nahles (FW) in Bergen eine Stellenanzeige f\u00fcr die Staatssekret\u00e4re in den Bereichen Bildung sowie Soziales heraus gegeben. Gleichzeitig bewirbt sich die Politikerin um das Amt des Unionspr\u00e4sidentin von Tr\u00fcbergen-Noranda, wo sie nach den Chaos-Wochen um Elisabeth Amalie Eugenie [&hellip;]<\/p>\n","protected":false},"author":74,"featured_media":0,"comment_status":"open","ping_status":"closed","sticky":false,"template":"","format":"standard","meta":{"_crdt_document":"","footnotes":""},"categories":[39],"tags":[],"class_list":["post-211","post","type-post","status-publish","format-standard","hentry","category-bergen"],"_links":{"self":[{"href":"https:\/\/www.mn-nachrichten.de\/index.php?rest_route=\/wp\/v2\/posts\/211","targetHints":{"allow":["GET"]}}],"collection":[{"href":"https:\/\/www.mn-nachrichten.de\/index.php?rest_route=\/wp\/v2\/posts"}],"about":[{"href":"https:\/\/www.mn-nachrichten.de\/index.php?rest_route=\/wp\/v2\/types\/post"}],"author":[{"embeddable":true,"href":"https:\/\/www.mn-nachrichten.de\/index.php?rest_route=\/wp\/v2\/users\/74"}],"replies":[{"embeddable":true,"href":"https:\/\/www.mn-nachrichten.de\/index.php?rest_route=%2Fwp%2Fv2%2Fcomments&post=211"}],"version-history":[{"count":0,"href":"https:\/\/www.mn-nachrichten.de\/index.php?rest_route=\/wp\/v2\/posts\/211\/revisions"}],"wp:attachment":[{"href":"https:\/\/www.mn-nachrichten.de\/index.php?rest_route=%2Fwp%2Fv2%2Fmedia&parent=211"}],"wp:term":[{"taxonomy":"category","embeddable":true,"href":"https:\/\/www.mn-nachrichten.de\/index.php?rest_route=%2Fwp%2Fv2%2Fcategories&post=211"},{"taxonomy":"post_tag","embeddable":true,"href":"https:\/\/www.mn-nachrichten.de\/index.php?rest_route=%2Fwp%2Fv2%2Ftags&post=211"}],"curies":[{"name":"wp","href":"https:\/\/api.w.org\/{rel}","templated":true}]}}