{"id":2072,"date":"2009-04-11T09:29:02","date_gmt":"2009-04-11T08:29:02","guid":{"rendered":"http:\/\/www.mn-nachrichten.de\/?p=2072"},"modified":"2025-03-21T01:25:51","modified_gmt":"2025-03-21T00:25:51","slug":"321-tote-forderte-das-beben-in-balakonien","status":"publish","type":"post","link":"https:\/\/www.mn-nachrichten.de\/?p=2072","title":{"rendered":"[Balakonien] Erdbeben forderte 321 Tote"},"content":{"rendered":"<p>Die balakonische Regierung gab heute eine sehr kurze Stellungnahme ab, bez\u00fcglich der Opferzahlen des Erdbebens vorige Woche.<br \/>\nDemnach wurden 321 Menschen get\u00f6tet und 784 verletzt.<\/p>\n<p>F\u00fcr heute Nachmittag ist ein Gedenkgottesdienst in Gloria anberaumt.<br \/>\nDanach haben sich einige Demonstraten angek\u00fcndigt, welche gegen 15:00 Uhr vor dem Parlament aufmarschieren werden und gegen die sp\u00e4rliche Berichterstattung demonstrieren werden.<\/p>\n<p><a href=\"http:\/\/phoenix.mn-press.de\/?p=184\"><br \/>\nOriginalberichterstattung der balakonischen Regierung<\/a><\/p>\n","protected":false},"excerpt":{"rendered":"<p>Die balakonische Regierung gab heute eine sehr kurze Stellungnahme ab, bez\u00fcglich der Opferzahlen des Erdbebens vorige Woche. Demnach wurden 321 Menschen get\u00f6tet und 784 verletzt. F\u00fcr heute Nachmittag ist ein Gedenkgottesdienst in Gloria anberaumt. Danach haben sich einige Demonstraten angek\u00fcndigt, welche gegen 15:00 Uhr vor dem Parlament aufmarschieren werden und gegen die sp\u00e4rliche Berichterstattung demonstrieren [&hellip;]<\/p>\n","protected":false},"author":24,"featured_media":0,"comment_status":"open","ping_status":"closed","sticky":false,"template":"","format":"standard","meta":{"_crdt_document":"","footnotes":""},"categories":[994],"tags":[],"class_list":["post-2072","post","type-post","status-publish","format-standard","hentry","category-vormals_balakonien"],"_links":{"self":[{"href":"https:\/\/www.mn-nachrichten.de\/index.php?rest_route=\/wp\/v2\/posts\/2072","targetHints":{"allow":["GET"]}}],"collection":[{"href":"https:\/\/www.mn-nachrichten.de\/index.php?rest_route=\/wp\/v2\/posts"}],"about":[{"href":"https:\/\/www.mn-nachrichten.de\/index.php?rest_route=\/wp\/v2\/types\/post"}],"author":[{"embeddable":true,"href":"https:\/\/www.mn-nachrichten.de\/index.php?rest_route=\/wp\/v2\/users\/24"}],"replies":[{"embeddable":true,"href":"https:\/\/www.mn-nachrichten.de\/index.php?rest_route=%2Fwp%2Fv2%2Fcomments&post=2072"}],"version-history":[{"count":3,"href":"https:\/\/www.mn-nachrichten.de\/index.php?rest_route=\/wp\/v2\/posts\/2072\/revisions"}],"predecessor-version":[{"id":10478,"href":"https:\/\/www.mn-nachrichten.de\/index.php?rest_route=\/wp\/v2\/posts\/2072\/revisions\/10478"}],"wp:attachment":[{"href":"https:\/\/www.mn-nachrichten.de\/index.php?rest_route=%2Fwp%2Fv2%2Fmedia&parent=2072"}],"wp:term":[{"taxonomy":"category","embeddable":true,"href":"https:\/\/www.mn-nachrichten.de\/index.php?rest_route=%2Fwp%2Fv2%2Fcategories&post=2072"},{"taxonomy":"post_tag","embeddable":true,"href":"https:\/\/www.mn-nachrichten.de\/index.php?rest_route=%2Fwp%2Fv2%2Ftags&post=2072"}],"curies":[{"name":"wp","href":"https:\/\/api.w.org\/{rel}","templated":true}]}}