{"id":206,"date":"2007-04-18T09:17:09","date_gmt":"2007-04-18T07:17:09","guid":{"rendered":"http:\/\/www.mn-nachrichten.de\/?p=206"},"modified":"2025-03-21T01:27:08","modified_gmt":"2025-03-21T00:27:08","slug":"parlamentswahlen-in-balakonien","status":"publish","type":"post","link":"https:\/\/www.mn-nachrichten.de\/?p=206","title":{"rendered":"[Balakonien] Parlamentswahlen gestartet"},"content":{"rendered":"<p>Seit Sonntag Morgen (15.4) finden in Balakonien die f\u00fcnften Parlamentswahlen des Landes statt.<br \/>\nGew\u00e4hlt wird in drei Durchg\u00e4ngen, das Parlament, der Pr\u00e4sident und der Ministerpr\u00e4sident.<br \/>\nLetzterer ist zu vergleichen mit einem Volksanwalt.<\/p>\n<p>Der Wahlverlauf ist f\u00fcr balakonische Verh\u00e4ltnisse ungew\u00f6hnlich ruhig, kam es doch fr\u00fcher immer zu Wahlschlachten, meist unter der G\u00fcrtellinie, bis hin zu Vorw\u00fcrfen des Wahlbetruges, h\u00f6rt man zur Zeit kein b\u00f6ses Wort. Aber vielleicht ist es auch die sprichw\u00f6rtliche Ruhe vor dem Sturm.<\/p>\n<p>Ein Wermutstropfen ist jedoch die Wahlbeteiligung, welche 4 Tage bevor das letzte Wahllokal seine Pforten schlie\u00dft, bei mageren 35% liegt.<\/p>\n","protected":false},"excerpt":{"rendered":"<p>Seit Sonntag Morgen (15.4) finden in Balakonien die f\u00fcnften Parlamentswahlen des Landes statt. Gew\u00e4hlt wird in drei Durchg\u00e4ngen, das Parlament, der Pr\u00e4sident und der Ministerpr\u00e4sident. Letzterer ist zu vergleichen mit einem Volksanwalt. Der Wahlverlauf ist f\u00fcr balakonische Verh\u00e4ltnisse ungew\u00f6hnlich ruhig, kam es doch fr\u00fcher immer zu Wahlschlachten, meist unter der G\u00fcrtellinie, bis hin zu Vorw\u00fcrfen [&hellip;]<\/p>\n","protected":false},"author":24,"featured_media":0,"comment_status":"open","ping_status":"closed","sticky":false,"template":"","format":"standard","meta":{"_crdt_document":"","footnotes":""},"categories":[994],"tags":[],"class_list":["post-206","post","type-post","status-publish","format-standard","hentry","category-vormals_balakonien"],"_links":{"self":[{"href":"https:\/\/www.mn-nachrichten.de\/index.php?rest_route=\/wp\/v2\/posts\/206","targetHints":{"allow":["GET"]}}],"collection":[{"href":"https:\/\/www.mn-nachrichten.de\/index.php?rest_route=\/wp\/v2\/posts"}],"about":[{"href":"https:\/\/www.mn-nachrichten.de\/index.php?rest_route=\/wp\/v2\/types\/post"}],"author":[{"embeddable":true,"href":"https:\/\/www.mn-nachrichten.de\/index.php?rest_route=\/wp\/v2\/users\/24"}],"replies":[{"embeddable":true,"href":"https:\/\/www.mn-nachrichten.de\/index.php?rest_route=%2Fwp%2Fv2%2Fcomments&post=206"}],"version-history":[{"count":1,"href":"https:\/\/www.mn-nachrichten.de\/index.php?rest_route=\/wp\/v2\/posts\/206\/revisions"}],"predecessor-version":[{"id":10496,"href":"https:\/\/www.mn-nachrichten.de\/index.php?rest_route=\/wp\/v2\/posts\/206\/revisions\/10496"}],"wp:attachment":[{"href":"https:\/\/www.mn-nachrichten.de\/index.php?rest_route=%2Fwp%2Fv2%2Fmedia&parent=206"}],"wp:term":[{"taxonomy":"category","embeddable":true,"href":"https:\/\/www.mn-nachrichten.de\/index.php?rest_route=%2Fwp%2Fv2%2Fcategories&post=206"},{"taxonomy":"post_tag","embeddable":true,"href":"https:\/\/www.mn-nachrichten.de\/index.php?rest_route=%2Fwp%2Fv2%2Ftags&post=206"}],"curies":[{"name":"wp","href":"https:\/\/api.w.org\/{rel}","templated":true}]}}