{"id":204,"date":"2007-04-16T23:28:04","date_gmt":"2007-04-16T21:28:04","guid":{"rendered":"http:\/\/www.mn-nachrichten.de\/?p=204"},"modified":"2025-03-21T01:41:06","modified_gmt":"2025-03-21T00:41:06","slug":"geldern-durocher-souveran","status":"publish","type":"post","link":"https:\/\/www.mn-nachrichten.de\/?p=204","title":{"rendered":"[Geldern]  Duroch\u00e9r souver\u00e4n"},"content":{"rendered":"<p>Heute l\u00f6ste sich die Grafschaft Duroch\u00e9r nach einer Volksabstimmung aus dem Reichsland Geldern-Duroch\u00e9r.<br \/>\nJedoch votierte das Volk f\u00fcr einen Verbleib bei Geldern-Veldoril und beim Kaisereich Geldern.<br \/>\nDer Adel und alle Beamte verloren ihre Rechte und Pflichten.<br \/>\nDas Volk gab sich selbst ein Revolutionstribunal, welches allerdings noch keine Annerkennung findet.<br \/>\nBereits jetzt marschieren Truppen entlang  der Grafschaft Duroch\u00e9r auf.<\/p>\n","protected":false},"excerpt":{"rendered":"<p>Heute l\u00f6ste sich die Grafschaft Duroch\u00e9r nach einer Volksabstimmung aus dem Reichsland Geldern-Duroch\u00e9r. Jedoch votierte das Volk f\u00fcr einen Verbleib bei Geldern-Veldoril und beim Kaisereich Geldern. Der Adel und alle Beamte verloren ihre Rechte und Pflichten. Das Volk gab sich selbst ein Revolutionstribunal, welches allerdings noch keine Annerkennung findet. Bereits jetzt marschieren Truppen entlang der [&hellip;]<\/p>\n","protected":false},"author":63,"featured_media":0,"comment_status":"open","ping_status":"closed","sticky":false,"template":"","format":"standard","meta":{"_crdt_document":"","footnotes":""},"categories":[998],"tags":[],"class_list":["post-204","post","type-post","status-publish","format-standard","hentry","category-vormals_geldern"],"_links":{"self":[{"href":"https:\/\/www.mn-nachrichten.de\/index.php?rest_route=\/wp\/v2\/posts\/204","targetHints":{"allow":["GET"]}}],"collection":[{"href":"https:\/\/www.mn-nachrichten.de\/index.php?rest_route=\/wp\/v2\/posts"}],"about":[{"href":"https:\/\/www.mn-nachrichten.de\/index.php?rest_route=\/wp\/v2\/types\/post"}],"author":[{"embeddable":true,"href":"https:\/\/www.mn-nachrichten.de\/index.php?rest_route=\/wp\/v2\/users\/63"}],"replies":[{"embeddable":true,"href":"https:\/\/www.mn-nachrichten.de\/index.php?rest_route=%2Fwp%2Fv2%2Fcomments&post=204"}],"version-history":[{"count":1,"href":"https:\/\/www.mn-nachrichten.de\/index.php?rest_route=\/wp\/v2\/posts\/204\/revisions"}],"predecessor-version":[{"id":10545,"href":"https:\/\/www.mn-nachrichten.de\/index.php?rest_route=\/wp\/v2\/posts\/204\/revisions\/10545"}],"wp:attachment":[{"href":"https:\/\/www.mn-nachrichten.de\/index.php?rest_route=%2Fwp%2Fv2%2Fmedia&parent=204"}],"wp:term":[{"taxonomy":"category","embeddable":true,"href":"https:\/\/www.mn-nachrichten.de\/index.php?rest_route=%2Fwp%2Fv2%2Fcategories&post=204"},{"taxonomy":"post_tag","embeddable":true,"href":"https:\/\/www.mn-nachrichten.de\/index.php?rest_route=%2Fwp%2Fv2%2Ftags&post=204"}],"curies":[{"name":"wp","href":"https:\/\/api.w.org\/{rel}","templated":true}]}}