{"id":193,"date":"2007-04-09T14:49:33","date_gmt":"2007-04-09T12:49:33","guid":{"rendered":"http:\/\/www.mn-nachrichten.de\/?p=193"},"modified":"2008-11-22T20:31:27","modified_gmt":"2008-11-22T19:31:27","slug":"internationalprawda-nun-ina","status":"publish","type":"post","link":"https:\/\/www.mn-nachrichten.de\/?p=193","title":{"rendered":"[International] Prawda nun INA"},"content":{"rendered":"<p>Die androische Nachrichtenagentur hat aus der Meldung \u00fcber den stauffischen Staatsbankrott, der obwohl er objektiv und neutral verfasst wurde, Verwirrung erzeugt hat, trat die Agenur der international agierenden &#8222;International News Agency&#8220; bei, die, um Stauffen zu beruhigen, ihren Sitz nicht in Andro hat. Dieser Schritt war f\u00fcr die Prawda von n\u00f6ten, um ihr neutrales Gesicht wahren zu k\u00f6nnen und nicht als Propagandaagentur bezichtigt zu werden.<br \/>\nDie INA steht f\u00fcr objektive und neutrale sowie sachliche Berichte.<\/p>\n","protected":false},"excerpt":{"rendered":"<p>Die androische Nachrichtenagentur hat aus der Meldung \u00fcber den stauffischen Staatsbankrott, der obwohl er objektiv und neutral verfasst wurde, Verwirrung erzeugt hat, trat die Agenur der international agierenden &#8222;International News Agency&#8220; bei, die, um Stauffen zu beruhigen, ihren Sitz nicht in Andro hat. Dieser Schritt war f\u00fcr die Prawda von n\u00f6ten, um ihr neutrales Gesicht [&hellip;]<\/p>\n","protected":false},"author":63,"featured_media":0,"comment_status":"open","ping_status":"closed","sticky":false,"template":"","format":"standard","meta":{"_crdt_document":"","footnotes":""},"categories":[1,3,42],"tags":[],"class_list":["post-193","post","type-post","status-publish","format-standard","hentry","category-international","category-wirtschaft","category-andro"],"_links":{"self":[{"href":"https:\/\/www.mn-nachrichten.de\/index.php?rest_route=\/wp\/v2\/posts\/193","targetHints":{"allow":["GET"]}}],"collection":[{"href":"https:\/\/www.mn-nachrichten.de\/index.php?rest_route=\/wp\/v2\/posts"}],"about":[{"href":"https:\/\/www.mn-nachrichten.de\/index.php?rest_route=\/wp\/v2\/types\/post"}],"author":[{"embeddable":true,"href":"https:\/\/www.mn-nachrichten.de\/index.php?rest_route=\/wp\/v2\/users\/63"}],"replies":[{"embeddable":true,"href":"https:\/\/www.mn-nachrichten.de\/index.php?rest_route=%2Fwp%2Fv2%2Fcomments&post=193"}],"version-history":[{"count":1,"href":"https:\/\/www.mn-nachrichten.de\/index.php?rest_route=\/wp\/v2\/posts\/193\/revisions"}],"predecessor-version":[{"id":1478,"href":"https:\/\/www.mn-nachrichten.de\/index.php?rest_route=\/wp\/v2\/posts\/193\/revisions\/1478"}],"wp:attachment":[{"href":"https:\/\/www.mn-nachrichten.de\/index.php?rest_route=%2Fwp%2Fv2%2Fmedia&parent=193"}],"wp:term":[{"taxonomy":"category","embeddable":true,"href":"https:\/\/www.mn-nachrichten.de\/index.php?rest_route=%2Fwp%2Fv2%2Fcategories&post=193"},{"taxonomy":"post_tag","embeddable":true,"href":"https:\/\/www.mn-nachrichten.de\/index.php?rest_route=%2Fwp%2Fv2%2Ftags&post=193"}],"curies":[{"name":"wp","href":"https:\/\/api.w.org\/{rel}","templated":true}]}}