{"id":1919,"date":"2009-03-08T22:15:24","date_gmt":"2009-03-08T21:15:24","guid":{"rendered":"http:\/\/www.mn-nachrichten.de\/?p=1919"},"modified":"2009-03-08T22:20:44","modified_gmt":"2009-03-08T21:20:44","slug":"tengoku-nachtigall-ick-hor-dir-trapsen","status":"publish","type":"post","link":"https:\/\/www.mn-nachrichten.de\/?p=1919","title":{"rendered":"[T\u00e9ng\u00f3ku] Nachtigall, ick h\u00f6r dir trapsen"},"content":{"rendered":"<p><strong>T\u00e9ng\u00f3ku<\/strong> &#8211; Nach dem ersten Wettkampftag bei den Winterspielen 2009 zeichnet sich erneut das ab, was wir schon von den Sommerspielen 2008 in Gran Novara kennen: Die Sportler aus T\u00e9ng\u00f3ku dominieren diese Spiele, wie sie es auch in Gran Novara gemacht haben.<br \/>\nNachdem alle f\u00fcnf Bobs der T\u00e9ng\u00e9 ins Zweier-Bob Finale gekommen und auch beim Einzel-Eiskunstlauf zwei T\u00e9ng\u00e9 auf das Podium geklettert sind, haben sie auch das Paarlaufen dominiert, dort haben es sogar drei T\u00e9ng\u00e9-Paare auf das Podium geschafft.<br \/>\nGustav Gams, Sportexperte aus Fuchsen, meint: &#8222;Ja, es ist definitiv nicht in Ordnung, unfair m\u00f6chte ich nicht sagen, wenn alle zehn gemeldeten Sportler der T\u00e9ng\u00e9 in allen Wettbewerben antreten. Dies verringert die Chance der anderen Teilnehmern und f\u00fchrt zu Frust. Dass aus anderen Nationen vergleichsweise wenige Sportler teilnehmen kann und will niemand der Gastgebernation zum Vorwurf machen. Wohl aber muss sie sich fragen lassen warum dieser Sportlermangel &#8211; sei es bewusst oder unbewusst &#8211; ausgenutzt wird um ein Ungleichgewicht zwischen den Nationen zu schaffen. Dieses Problem, welches auch schon bei den Sommerspielen angesprochen wurde, f\u00fchrt den microlympischen Gedanken ins Absurde, das IMOC schaut diesem Treiben bisher unt\u00e4tig zu, jedoch gab es auch keine Bem\u00fchungen im IMOC, dies zu \u00e4ndern. Man muss sich daher fragen, ob es ernsthaft so weiter gehen kann.&#8220;<\/p>\n<p>Medaillenspiegel nach dem ersten Tag:<br \/>\nLand Gold|Silber|Bronze|<br \/>\nT\u00e9ngoku 2|1|2<br \/>\nPriedgallen 1|0|0<br \/>\nBananaworld 0|1|0<\/p>\n","protected":false},"excerpt":{"rendered":"<p>T\u00e9ng\u00f3ku &#8211; Nach dem ersten Wettkampftag bei den Winterspielen 2009 zeichnet sich erneut das ab, was wir schon von den Sommerspielen 2008 in Gran Novara kennen: Die Sportler aus T\u00e9ng\u00f3ku dominieren diese Spiele, wie sie es auch in Gran Novara gemacht haben. Nachdem alle f\u00fcnf Bobs der T\u00e9ng\u00e9 ins Zweier-Bob Finale gekommen und auch beim [&hellip;]<\/p>\n","protected":false},"author":5,"featured_media":0,"comment_status":"open","ping_status":"closed","sticky":false,"template":"","format":"standard","meta":{"_crdt_document":"","footnotes":""},"categories":[4,11],"tags":[640,642,243,91,242],"class_list":["post-1919","post","type-post","status-publish","format-standard","hentry","category-sport","category-fuchsen","tag-sport","tag-fuchsen","tag-microlypia","tag-tengoku","tag-winter"],"_links":{"self":[{"href":"https:\/\/www.mn-nachrichten.de\/index.php?rest_route=\/wp\/v2\/posts\/1919","targetHints":{"allow":["GET"]}}],"collection":[{"href":"https:\/\/www.mn-nachrichten.de\/index.php?rest_route=\/wp\/v2\/posts"}],"about":[{"href":"https:\/\/www.mn-nachrichten.de\/index.php?rest_route=\/wp\/v2\/types\/post"}],"author":[{"embeddable":true,"href":"https:\/\/www.mn-nachrichten.de\/index.php?rest_route=\/wp\/v2\/users\/5"}],"replies":[{"embeddable":true,"href":"https:\/\/www.mn-nachrichten.de\/index.php?rest_route=%2Fwp%2Fv2%2Fcomments&post=1919"}],"version-history":[{"count":7,"href":"https:\/\/www.mn-nachrichten.de\/index.php?rest_route=\/wp\/v2\/posts\/1919\/revisions"}],"predecessor-version":[{"id":1926,"href":"https:\/\/www.mn-nachrichten.de\/index.php?rest_route=\/wp\/v2\/posts\/1919\/revisions\/1926"}],"wp:attachment":[{"href":"https:\/\/www.mn-nachrichten.de\/index.php?rest_route=%2Fwp%2Fv2%2Fmedia&parent=1919"}],"wp:term":[{"taxonomy":"category","embeddable":true,"href":"https:\/\/www.mn-nachrichten.de\/index.php?rest_route=%2Fwp%2Fv2%2Fcategories&post=1919"},{"taxonomy":"post_tag","embeddable":true,"href":"https:\/\/www.mn-nachrichten.de\/index.php?rest_route=%2Fwp%2Fv2%2Ftags&post=1919"}],"curies":[{"name":"wp","href":"https:\/\/api.w.org\/{rel}","templated":true}]}}