{"id":1741,"date":"2009-01-19T20:43:43","date_gmt":"2009-01-19T19:43:43","guid":{"rendered":"http:\/\/www.mn-nachrichten.de\/?p=1741"},"modified":"2009-01-19T20:43:43","modified_gmt":"2009-01-19T19:43:43","slug":"union-sylfaen-unionskanzler-reinhardt-entfuhrt","status":"publish","type":"post","link":"https:\/\/www.mn-nachrichten.de\/?p=1741","title":{"rendered":"[Union Sylfaen] Unionskanzler Reinhardt entf\u00fchrt!"},"content":{"rendered":"<p>Sylfaen City &#8211; Unbekannte Terroristengruppe verk\u00fcndet Entf\u00fchrung<\/p>\n<p>Wie ein Pressesprecher des Unionskanzlers heute am fr\u00fchen Abend verk\u00fcndete, ging ein Schreiben im Unionskanzleramt ein, welches besagt, dass eine unbekannte Terroristengruppe den Unionskanzler entf\u00fchrt hat.<\/p>\n<p>Eine weitere Stellungnahme blieb bisher aus, weshalb nicht bekannt ist, ob Leonard Reinhardt tats\u00e4chlich entf\u00fchrt ist, oder ob sich der Schreiber des Bekennerbriefes nur einen dummen Scherz erlaubt hat. Momentan wurde noch keine offizielle Untersuchung des Falles eingeleitet.<\/p>\n<p>Die Entf\u00fchrung liese zumindest das Wegbleiben des Unionskanzler in der letzten Zeit erkl\u00e4ren. Es wird jedoch in nicht n\u00e4her genannten Regierungskreisen gemunkelt, dass sich der Unionskanzler einer Operation unterziehen muss und daher der Regierungsarbeit fern bleibt. <\/p>\n<p>Quelle: SATZ<\/p>\n","protected":false},"excerpt":{"rendered":"<p>Sylfaen City &#8211; Unbekannte Terroristengruppe verk\u00fcndet Entf\u00fchrung Wie ein Pressesprecher des Unionskanzlers heute am fr\u00fchen Abend verk\u00fcndete, ging ein Schreiben im Unionskanzleramt ein, welches besagt, dass eine unbekannte Terroristengruppe den Unionskanzler entf\u00fchrt hat. Eine weitere Stellungnahme blieb bisher aus, weshalb nicht bekannt ist, ob Leonard Reinhardt tats\u00e4chlich entf\u00fchrt ist, oder ob sich der Schreiber des [&hellip;]<\/p>\n","protected":false},"author":110,"featured_media":0,"comment_status":"open","ping_status":"closed","sticky":false,"template":"","format":"standard","meta":{"_crdt_document":"","footnotes":""},"categories":[1],"tags":[],"class_list":["post-1741","post","type-post","status-publish","format-standard","hentry","category-international"],"_links":{"self":[{"href":"https:\/\/www.mn-nachrichten.de\/index.php?rest_route=\/wp\/v2\/posts\/1741","targetHints":{"allow":["GET"]}}],"collection":[{"href":"https:\/\/www.mn-nachrichten.de\/index.php?rest_route=\/wp\/v2\/posts"}],"about":[{"href":"https:\/\/www.mn-nachrichten.de\/index.php?rest_route=\/wp\/v2\/types\/post"}],"author":[{"embeddable":true,"href":"https:\/\/www.mn-nachrichten.de\/index.php?rest_route=\/wp\/v2\/users\/110"}],"replies":[{"embeddable":true,"href":"https:\/\/www.mn-nachrichten.de\/index.php?rest_route=%2Fwp%2Fv2%2Fcomments&post=1741"}],"version-history":[{"count":1,"href":"https:\/\/www.mn-nachrichten.de\/index.php?rest_route=\/wp\/v2\/posts\/1741\/revisions"}],"predecessor-version":[{"id":1742,"href":"https:\/\/www.mn-nachrichten.de\/index.php?rest_route=\/wp\/v2\/posts\/1741\/revisions\/1742"}],"wp:attachment":[{"href":"https:\/\/www.mn-nachrichten.de\/index.php?rest_route=%2Fwp%2Fv2%2Fmedia&parent=1741"}],"wp:term":[{"taxonomy":"category","embeddable":true,"href":"https:\/\/www.mn-nachrichten.de\/index.php?rest_route=%2Fwp%2Fv2%2Fcategories&post=1741"},{"taxonomy":"post_tag","embeddable":true,"href":"https:\/\/www.mn-nachrichten.de\/index.php?rest_route=%2Fwp%2Fv2%2Ftags&post=1741"}],"curies":[{"name":"wp","href":"https:\/\/api.w.org\/{rel}","templated":true}]}}