{"id":162,"date":"2007-03-21T09:23:01","date_gmt":"2007-03-21T08:23:01","guid":{"rendered":"http:\/\/www.mn-nachrichten.de\/?p=162"},"modified":"2007-09-12T11:02:07","modified_gmt":"2007-09-12T09:02:07","slug":"grundung-der-esra-hanawi-universita-in-salem","status":"publish","type":"post","link":"https:\/\/www.mn-nachrichten.de\/?p=162","title":{"rendered":"[Sebulon] Gr\u00fcndung der Esra-Hanaw\u00ed-Universita in Salem"},"content":{"rendered":"<p>Auf Initiative des bekannten Politikers Levi Mordechai wurde am Dienstag in Sebulon die erste Universit\u00e4t des Landes gegr\u00fcndet. Laut Aussage ihres Gr\u00fcnders hat die neugeschaffene Lehranstalt eine &#8222;spezialisierung auf Judaistik, j\u00fcdische Philosophie, j\u00fcdische Geschichte, Staatsgeschichte Seblons, usw.&#8220;. Esra Hanaw\u00ec, Namensgeber der Universit\u00e4t war ein wichtiger j\u00fcdischer Prophet und Hohepriester im 19. Jahrhundert.<br \/>\nAb sofort k\u00f6nnen sich Studentinnen und Studenten f\u00fcr Seminare \u00fcber Judaistik oder Philosophie immatrikulieren.<\/p>\n","protected":false},"excerpt":{"rendered":"<p>Auf Initiative des bekannten Politikers Levi Mordechai wurde am Dienstag in Sebulon die erste Universit\u00e4t des Landes gegr\u00fcndet. Laut Aussage ihres Gr\u00fcnders hat die neugeschaffene Lehranstalt eine &#8222;spezialisierung auf Judaistik, j\u00fcdische Philosophie, j\u00fcdische Geschichte, Staatsgeschichte Seblons, usw.&#8220;. Esra Hanaw\u00ec, Namensgeber der Universit\u00e4t war ein wichtiger j\u00fcdischer Prophet und Hohepriester im 19. Jahrhundert. Ab sofort k\u00f6nnen [&hellip;]<\/p>\n","protected":false},"author":57,"featured_media":0,"comment_status":"open","ping_status":"closed","sticky":false,"template":"","format":"standard","meta":{"_crdt_document":"","footnotes":""},"categories":[6,5],"tags":[],"class_list":["post-162","post","type-post","status-publish","format-standard","hentry","category-kultur","category-wissenschaft"],"_links":{"self":[{"href":"https:\/\/www.mn-nachrichten.de\/index.php?rest_route=\/wp\/v2\/posts\/162","targetHints":{"allow":["GET"]}}],"collection":[{"href":"https:\/\/www.mn-nachrichten.de\/index.php?rest_route=\/wp\/v2\/posts"}],"about":[{"href":"https:\/\/www.mn-nachrichten.de\/index.php?rest_route=\/wp\/v2\/types\/post"}],"author":[{"embeddable":true,"href":"https:\/\/www.mn-nachrichten.de\/index.php?rest_route=\/wp\/v2\/users\/57"}],"replies":[{"embeddable":true,"href":"https:\/\/www.mn-nachrichten.de\/index.php?rest_route=%2Fwp%2Fv2%2Fcomments&post=162"}],"version-history":[{"count":0,"href":"https:\/\/www.mn-nachrichten.de\/index.php?rest_route=\/wp\/v2\/posts\/162\/revisions"}],"wp:attachment":[{"href":"https:\/\/www.mn-nachrichten.de\/index.php?rest_route=%2Fwp%2Fv2%2Fmedia&parent=162"}],"wp:term":[{"taxonomy":"category","embeddable":true,"href":"https:\/\/www.mn-nachrichten.de\/index.php?rest_route=%2Fwp%2Fv2%2Fcategories&post=162"},{"taxonomy":"post_tag","embeddable":true,"href":"https:\/\/www.mn-nachrichten.de\/index.php?rest_route=%2Fwp%2Fv2%2Ftags&post=162"}],"curies":[{"name":"wp","href":"https:\/\/api.w.org\/{rel}","templated":true}]}}