{"id":150,"date":"2007-03-13T11:35:29","date_gmt":"2007-03-13T10:35:29","guid":{"rendered":"http:\/\/www.mn-nachrichten.de\/?p=150"},"modified":"2025-03-21T01:37:33","modified_gmt":"2025-03-21T00:37:33","slug":"john-d-vandenberg-neuer-regierungschef","status":"publish","type":"post","link":"https:\/\/www.mn-nachrichten.de\/?p=150","title":{"rendered":"[Sebulon] John D. Vandenberg neuer Regierungschef"},"content":{"rendered":"<p>Viele Beobachter hatten es erwartet, am gestrigen Abend hat es sich best\u00e4tigt: John David Vandenberg, Pr\u00e4sident der liberal-konservativen &#8222;Am Ehad&#8220;, ist neuer gew\u00e4hlter Regierungschef Sebulons. Er gewann mit 75% der abgegebenen Stimmen vor seinem Kontrahenten der zentrumsdemokratischen &#8222;Volksfront von Sebulon&#8220;, Levi Mordechai, der 25% der Stimmen f\u00fcr sich gewinnen konnte. Der Wahlverlierer gestand noch am Abend seine Wahlniederlage ein und gratulierte Vandenberg.<br \/>\nAm Morgen folgte die offizielle Ernennung und Vereidigung durch das formelle Staatsoberhaupt, Hohepriester Zachari Ben Esra.<br \/>\nGleichzeitig begann die Abstimmung \u00fcber die zuletzt hei\u00df diskutierte Verfassung. Auch hier zeichnete sich am Morgen eine breite Mehrheit f\u00fcr den Entwurf des ehemaligen Ministerpr\u00e4sidenten Pinchas Seligmann und seines Nachfolgers, John D. Vandenberg, ab. Damit kann der j\u00fcdische Staat erstmals in seiner Geschichte eine geschriebene Verfassung erhalten.<br \/>\nWichtigste Punkte sind die Zusammenfassung der sekul\u00e4ren Knesset und des religi\u00f6sen Sanhedrin in einer sogenannten &#8222;Vaad Le&#8217;umi&#8220; (Nationalversammlung). Der Sanhedrin erh\u00e4lt nur noch ein Kontroll- und begrenztes Einspruchsrecht. K\u00fcnftig wird Sebulon auch \u00fcber zwei Staatsoberh\u00e4upter verf\u00fcgen: einen weltlichen, den Rosch Hamemschala (Ministerpr\u00e4sident) und einen geistlichen, den Kohen Hagadol (Hohepriester).  <\/p>\n","protected":false},"excerpt":{"rendered":"<p>Viele Beobachter hatten es erwartet, am gestrigen Abend hat es sich best\u00e4tigt: John David Vandenberg, Pr\u00e4sident der liberal-konservativen &#8222;Am Ehad&#8220;, ist neuer gew\u00e4hlter Regierungschef Sebulons. Er gewann mit 75% der abgegebenen Stimmen vor seinem Kontrahenten der zentrumsdemokratischen &#8222;Volksfront von Sebulon&#8220;, Levi Mordechai, der 25% der Stimmen f\u00fcr sich gewinnen konnte. Der Wahlverlierer gestand noch am [&hellip;]<\/p>\n","protected":false},"author":57,"featured_media":0,"comment_status":"open","ping_status":"closed","sticky":false,"template":"","format":"standard","meta":{"_crdt_document":"","footnotes":""},"categories":[997],"tags":[],"class_list":["post-150","post","type-post","status-publish","format-standard","hentry","category-vormals_sebulon"],"_links":{"self":[{"href":"https:\/\/www.mn-nachrichten.de\/index.php?rest_route=\/wp\/v2\/posts\/150","targetHints":{"allow":["GET"]}}],"collection":[{"href":"https:\/\/www.mn-nachrichten.de\/index.php?rest_route=\/wp\/v2\/posts"}],"about":[{"href":"https:\/\/www.mn-nachrichten.de\/index.php?rest_route=\/wp\/v2\/types\/post"}],"author":[{"embeddable":true,"href":"https:\/\/www.mn-nachrichten.de\/index.php?rest_route=\/wp\/v2\/users\/57"}],"replies":[{"embeddable":true,"href":"https:\/\/www.mn-nachrichten.de\/index.php?rest_route=%2Fwp%2Fv2%2Fcomments&post=150"}],"version-history":[{"count":1,"href":"https:\/\/www.mn-nachrichten.de\/index.php?rest_route=\/wp\/v2\/posts\/150\/revisions"}],"predecessor-version":[{"id":10536,"href":"https:\/\/www.mn-nachrichten.de\/index.php?rest_route=\/wp\/v2\/posts\/150\/revisions\/10536"}],"wp:attachment":[{"href":"https:\/\/www.mn-nachrichten.de\/index.php?rest_route=%2Fwp%2Fv2%2Fmedia&parent=150"}],"wp:term":[{"taxonomy":"category","embeddable":true,"href":"https:\/\/www.mn-nachrichten.de\/index.php?rest_route=%2Fwp%2Fv2%2Fcategories&post=150"},{"taxonomy":"post_tag","embeddable":true,"href":"https:\/\/www.mn-nachrichten.de\/index.php?rest_route=%2Fwp%2Fv2%2Ftags&post=150"}],"curies":[{"name":"wp","href":"https:\/\/api.w.org\/{rel}","templated":true}]}}