{"id":147,"date":"2007-03-06T19:29:08","date_gmt":"2007-03-06T18:29:08","guid":{"rendered":"http:\/\/www.mn-nachrichten.de\/?p=147"},"modified":"2025-03-21T01:37:33","modified_gmt":"2025-03-21T00:37:33","slug":"sebulon-wahlt-berat-verfassung","status":"publish","type":"post","link":"https:\/\/www.mn-nachrichten.de\/?p=147","title":{"rendered":"[Sebulon] Sebulon w\u00e4hlt &amp; ber\u00e4t Verfassung"},"content":{"rendered":"<p>Im j\u00fcdischen Staat Sebulon haben die Wahlen zum Regierungschef begonnen. Kontrahenten sind der Vorsitzende der &#8222;Volksfront von Sebulon&#8220;, Levi Mordechai und der liberal-konservative John David Vandenberg (Am Ehad). Beide haben in den letzten Tagen und Wochen um die W\u00e4hler bei mehreren Kundgebungen im Land gek\u00e4mpft. W\u00e4hrend der international bekannte Vandenberg f\u00fcr eine Ann\u00e4herung an die US Astor und den Council of Nations eintritt, trat Mordechai f\u00fcr die eine st\u00e4rkere Integrierung von Nichtjuden in die Gesellschaft ein. Dies brachte ihm teilweise Kritik ein, nachdem er auch forderte, das Judentum als Staatsreligion abzuschaffen. Die Wahl endet am 12.3..<br \/>\nGleichzeitig ber\u00e4t der Staat Sebulon \u00fcber den Enwturf f\u00fcr eine Verfassung. Dieser ist ein Kompromiss zwischen republikanischen und theokratischen Elementen. So werden der s\u00e4kul\u00e4ren Knesset mehr Rechte einger\u00e4umt, jedoch bleiben dem j\u00fcdischen Oberhaus (Sanhedrin) mit dem Hohepriester Zachari Ben Esra an der Spitze, ein Pr\u00fcfungs- und Vetorrecht. Die Verfassung soll mit einer Volksabstimmung in Kraft gesetzt werden.<\/p>\n","protected":false},"excerpt":{"rendered":"<p>Im j\u00fcdischen Staat Sebulon haben die Wahlen zum Regierungschef begonnen. Kontrahenten sind der Vorsitzende der &#8222;Volksfront von Sebulon&#8220;, Levi Mordechai und der liberal-konservative John David Vandenberg (Am Ehad). Beide haben in den letzten Tagen und Wochen um die W\u00e4hler bei mehreren Kundgebungen im Land gek\u00e4mpft. W\u00e4hrend der international bekannte Vandenberg f\u00fcr eine Ann\u00e4herung an die [&hellip;]<\/p>\n","protected":false},"author":57,"featured_media":0,"comment_status":"open","ping_status":"closed","sticky":false,"template":"","format":"standard","meta":{"_crdt_document":"","footnotes":""},"categories":[997],"tags":[],"class_list":["post-147","post","type-post","status-publish","format-standard","hentry","category-vormals_sebulon"],"_links":{"self":[{"href":"https:\/\/www.mn-nachrichten.de\/index.php?rest_route=\/wp\/v2\/posts\/147","targetHints":{"allow":["GET"]}}],"collection":[{"href":"https:\/\/www.mn-nachrichten.de\/index.php?rest_route=\/wp\/v2\/posts"}],"about":[{"href":"https:\/\/www.mn-nachrichten.de\/index.php?rest_route=\/wp\/v2\/types\/post"}],"author":[{"embeddable":true,"href":"https:\/\/www.mn-nachrichten.de\/index.php?rest_route=\/wp\/v2\/users\/57"}],"replies":[{"embeddable":true,"href":"https:\/\/www.mn-nachrichten.de\/index.php?rest_route=%2Fwp%2Fv2%2Fcomments&post=147"}],"version-history":[{"count":1,"href":"https:\/\/www.mn-nachrichten.de\/index.php?rest_route=\/wp\/v2\/posts\/147\/revisions"}],"predecessor-version":[{"id":10537,"href":"https:\/\/www.mn-nachrichten.de\/index.php?rest_route=\/wp\/v2\/posts\/147\/revisions\/10537"}],"wp:attachment":[{"href":"https:\/\/www.mn-nachrichten.de\/index.php?rest_route=%2Fwp%2Fv2%2Fmedia&parent=147"}],"wp:term":[{"taxonomy":"category","embeddable":true,"href":"https:\/\/www.mn-nachrichten.de\/index.php?rest_route=%2Fwp%2Fv2%2Fcategories&post=147"},{"taxonomy":"post_tag","embeddable":true,"href":"https:\/\/www.mn-nachrichten.de\/index.php?rest_route=%2Fwp%2Fv2%2Ftags&post=147"}],"curies":[{"name":"wp","href":"https:\/\/api.w.org\/{rel}","templated":true}]}}