{"id":1296,"date":"2008-10-11T11:45:57","date_gmt":"2008-10-11T09:45:57","guid":{"rendered":"http:\/\/www.mn-nachrichten.de\/?p=1296"},"modified":"2008-11-09T21:51:47","modified_gmt":"2008-11-09T20:51:47","slug":"yamamoto-san-als-nationaltrainer-entlassen","status":"publish","type":"post","link":"https:\/\/www.mn-nachrichten.de\/?p=1296","title":{"rendered":"[Tengoku] Yamamoto-san als Nationaltrainer entlassen"},"content":{"rendered":"<p><strong>Yamamoto-san als Nationaltrainer entlassen<\/strong><\/p>\n<p>Wie Takumi Mizumoto, Vorsitzender der T\u00e9ng\u00e9 Sport Federation soeben auf einer kurzfristig anberaumten <a href=\"http:\/\/forum.tengoku-kyo.info\/showthread.php?t=4536\">Pressekonferenz<\/a> bekannt gab, wurde der Trainer der A-Fussballnationalmannschaft, Ryo Yamamoto, mit sofortiger Wirkung beurlaubt. In einer k\u00fchl inszeniert wirkenden Verlautbarung w\u00fcrdige Mizumoto-san zwar die Verdienste des entlassenen Trainers insbesondere in der Qualifikation zur Weltmeisterschaft, jedoch habe letztlich der entt\u00e4uschende Auftritt der Nationalmannschaft bei der WM-Endrunde zur Entlassung von Yamamoto-san gef\u00fchrt.<\/p>\n<p>Hierbei konnte auch das furiose 9:1 zum WM-Auftakt den Trainer nicht retten, da dieses Ergebnis laut Mizumoto-san wohl eher auf die Unterklassigkeit des Gegners aus N\u00f6rsesund, denn auf die taktischen F\u00e4higkeiten von Yamamoto-san zur\u00fcckzuf\u00fchren sei. Die knappen Niederlagen gegen Bergen und Fuchsen (immerhin beide unter den vier letzten Mannschaften des Turniers) f\u00fchrten laut Mizumoto-san zu dieser bedauerlichen Entscheidung.<\/p>\n<p>Ob das Bedauern des Vorsitzenden des nationalen Sportverbandes in der Tat so gro\u00df ist, bezweifeln einhellige Experten jedoch sehr. Mizumoto-san galt stets als einer der gr\u00f6\u00dften Kritiker von Yamamoto-san und zwischen beiden M\u00e4nnern herrschte ein stets eher unterk\u00fchltes, ja teilweise feindliches Verh\u00e4ltnis.<\/p>\n<p>Weder wollte Mizumoto-san sich weiter zu diesem Thema \u00e4u\u00dfern, noch den Namen eines potentiellen Nachfolgers f\u00fcr das Amt des Nationaltrainers benennen. Auch Yamamoto-san lehnte jedwede Nachfrage um eine Stellungnahem zu seiner Entlassung ab und erbat sich etwas Zeit um Abstand zu gewinnen. <\/p>\n","protected":false},"excerpt":{"rendered":"<p>Yamamoto-san als Nationaltrainer entlassen Wie Takumi Mizumoto, Vorsitzender der T\u00e9ng\u00e9 Sport Federation soeben auf einer kurzfristig anberaumten Pressekonferenz bekannt gab, wurde der Trainer der A-Fussballnationalmannschaft, Ryo Yamamoto, mit sofortiger Wirkung beurlaubt. In einer k\u00fchl inszeniert wirkenden Verlautbarung w\u00fcrdige Mizumoto-san zwar die Verdienste des entlassenen Trainers insbesondere in der Qualifikation zur Weltmeisterschaft, jedoch habe letztlich der [&hellip;]<\/p>\n","protected":false},"author":176,"featured_media":0,"comment_status":"open","ping_status":"closed","sticky":false,"template":"","format":"standard","meta":{"_crdt_document":"","footnotes":""},"categories":[4],"tags":[],"class_list":["post-1296","post","type-post","status-publish","format-standard","hentry","category-sport"],"_links":{"self":[{"href":"https:\/\/www.mn-nachrichten.de\/index.php?rest_route=\/wp\/v2\/posts\/1296","targetHints":{"allow":["GET"]}}],"collection":[{"href":"https:\/\/www.mn-nachrichten.de\/index.php?rest_route=\/wp\/v2\/posts"}],"about":[{"href":"https:\/\/www.mn-nachrichten.de\/index.php?rest_route=\/wp\/v2\/types\/post"}],"author":[{"embeddable":true,"href":"https:\/\/www.mn-nachrichten.de\/index.php?rest_route=\/wp\/v2\/users\/176"}],"replies":[{"embeddable":true,"href":"https:\/\/www.mn-nachrichten.de\/index.php?rest_route=%2Fwp%2Fv2%2Fcomments&post=1296"}],"version-history":[{"count":4,"href":"https:\/\/www.mn-nachrichten.de\/index.php?rest_route=\/wp\/v2\/posts\/1296\/revisions"}],"predecessor-version":[{"id":1411,"href":"https:\/\/www.mn-nachrichten.de\/index.php?rest_route=\/wp\/v2\/posts\/1296\/revisions\/1411"}],"wp:attachment":[{"href":"https:\/\/www.mn-nachrichten.de\/index.php?rest_route=%2Fwp%2Fv2%2Fmedia&parent=1296"}],"wp:term":[{"taxonomy":"category","embeddable":true,"href":"https:\/\/www.mn-nachrichten.de\/index.php?rest_route=%2Fwp%2Fv2%2Fcategories&post=1296"},{"taxonomy":"post_tag","embeddable":true,"href":"https:\/\/www.mn-nachrichten.de\/index.php?rest_route=%2Fwp%2Fv2%2Ftags&post=1296"}],"curies":[{"name":"wp","href":"https:\/\/api.w.org\/{rel}","templated":true}]}}