{"id":12457,"date":"2025-11-21T11:08:24","date_gmt":"2025-11-21T10:08:24","guid":{"rendered":"https:\/\/www.mn-nachrichten.de\/?p=12457"},"modified":"2025-11-21T11:08:24","modified_gmt":"2025-11-21T10:08:24","slug":"politische-verschiebung-in-severanien-nach-teilrepublik-wahlen","status":"publish","type":"post","link":"https:\/\/www.mn-nachrichten.de\/?p=12457","title":{"rendered":"Politische Verschiebung in Severanien nach Teilrepublik-Wahlen"},"content":{"rendered":"\n<p class=\"wp-block-paragraph\">Die j\u00fcngsten Pr\u00e4sidentschaftswahlen in den severanischen Teilrepubliken Aressinien und Vesteran haben die politische Landschaft des Landes entscheidend ver\u00e4ndert. Die demokratisch-sozialistische Regierungspartei Jedinstvo hat infolgedessen die absolute Mehrheit in der Bundesversammlung zur\u00fcckerlangt und h\u00e4lt nun 5 von 9 Sitzen.<\/p>\n\n\n<div class=\"wp-block-image\">\n<figure class=\"alignright size-large is-resized\"><a href=\"https:\/\/www.mn-nachrichten.de\/wp-content\/2025\/11\/RSS_423.png\"><img loading=\"lazy\" decoding=\"async\" width=\"1024\" height=\"586\" src=\"https:\/\/www.mn-nachrichten.de\/wp-content\/2025\/11\/RSS_423-1024x586.png\" alt=\"\" class=\"wp-image-12458\" style=\"aspect-ratio:1.7474838066766318;width:458px;height:auto\" srcset=\"https:\/\/www.mn-nachrichten.de\/wp-content\/2025\/11\/RSS_423-1024x586.png 1024w, https:\/\/www.mn-nachrichten.de\/wp-content\/2025\/11\/RSS_423-300x172.png 300w, https:\/\/www.mn-nachrichten.de\/wp-content\/2025\/11\/RSS_423-768x439.png 768w, https:\/\/www.mn-nachrichten.de\/wp-content\/2025\/11\/RSS_423.png 1231w\" sizes=\"auto, (max-width: 1024px) 100vw, 1024px\" \/><\/a><\/figure>\n<\/div>\n\n\n<p class=\"wp-block-paragraph\">Die nationale Bauernpartei Domovina verliert s\u00e4mtliche Vertretung im Bundesparlament. Die nationaldemokratische NAPRED sicherte sich in Vesteran einen Sitz und bleibt damit die kleinste Fraktion innerhalb der Versammlung. Die gr\u00f6\u00dfte Oppositionskraft bildet weiterhin die liberale Partei PROGRES, die mit 3 Sitzen vertreten ist.<\/p>\n\n\n\n<p class=\"wp-block-paragraph\">Analysten erwarten, dass die neue Zusammensetzung der Bundesversammlung die politische Arbeit in Vinasy w\u00e4hrend der laufenden Legislaturperiode ma\u00dfgeblich pr\u00e4gen wird. Besonders im Fokus stehen dabei geplante Gesetzesinitiativen zur Justizreform sowie die Umsetzung der Programme der Regierung Bati\u0107.<\/p>\n","protected":false},"excerpt":{"rendered":"<p>Die j\u00fcngsten Pr\u00e4sidentschaftswahlen in den severanischen Teilrepubliken Aressinien und Vesteran haben die politische Landschaft des Landes entscheidend ver\u00e4ndert. Die demokratisch-sozialistische Regierungspartei Jedinstvo hat infolgedessen die absolute Mehrheit in der Bundesversammlung zur\u00fcckerlangt und h\u00e4lt nun 5 von 9 Sitzen. Die nationale Bauernpartei Domovina verliert s\u00e4mtliche Vertretung im Bundesparlament. Die nationaldemokratische NAPRED sicherte sich in Vesteran einen [&hellip;]<\/p>\n","protected":false},"author":1674,"featured_media":12458,"comment_status":"open","ping_status":"","sticky":false,"template":"","format":"standard","meta":{"_crdt_document":"","footnotes":""},"categories":[88],"tags":[],"class_list":["post-12457","post","type-post","status-publish","format-standard","has-post-thumbnail","hentry","category-severanien"],"_links":{"self":[{"href":"https:\/\/www.mn-nachrichten.de\/index.php?rest_route=\/wp\/v2\/posts\/12457","targetHints":{"allow":["GET"]}}],"collection":[{"href":"https:\/\/www.mn-nachrichten.de\/index.php?rest_route=\/wp\/v2\/posts"}],"about":[{"href":"https:\/\/www.mn-nachrichten.de\/index.php?rest_route=\/wp\/v2\/types\/post"}],"author":[{"embeddable":true,"href":"https:\/\/www.mn-nachrichten.de\/index.php?rest_route=\/wp\/v2\/users\/1674"}],"replies":[{"embeddable":true,"href":"https:\/\/www.mn-nachrichten.de\/index.php?rest_route=%2Fwp%2Fv2%2Fcomments&post=12457"}],"version-history":[{"count":1,"href":"https:\/\/www.mn-nachrichten.de\/index.php?rest_route=\/wp\/v2\/posts\/12457\/revisions"}],"predecessor-version":[{"id":12459,"href":"https:\/\/www.mn-nachrichten.de\/index.php?rest_route=\/wp\/v2\/posts\/12457\/revisions\/12459"}],"wp:featuredmedia":[{"embeddable":true,"href":"https:\/\/www.mn-nachrichten.de\/index.php?rest_route=\/wp\/v2\/media\/12458"}],"wp:attachment":[{"href":"https:\/\/www.mn-nachrichten.de\/index.php?rest_route=%2Fwp%2Fv2%2Fmedia&parent=12457"}],"wp:term":[{"taxonomy":"category","embeddable":true,"href":"https:\/\/www.mn-nachrichten.de\/index.php?rest_route=%2Fwp%2Fv2%2Fcategories&post=12457"},{"taxonomy":"post_tag","embeddable":true,"href":"https:\/\/www.mn-nachrichten.de\/index.php?rest_route=%2Fwp%2Fv2%2Ftags&post=12457"}],"curies":[{"name":"wp","href":"https:\/\/api.w.org\/{rel}","templated":true}]}}