{"id":1176,"date":"2008-09-19T14:51:32","date_gmt":"2008-09-19T12:51:32","guid":{"rendered":"http:\/\/www.mn-nachrichten.de\/?p=1176"},"modified":"2008-09-22T07:29:35","modified_gmt":"2008-09-22T05:29:35","slug":"thochalien-einmarsch-in-matara","status":"publish","type":"post","link":"https:\/\/www.mn-nachrichten.de\/?p=1176","title":{"rendered":"[Thorchalien] Einmarsch in Matara"},"content":{"rendered":"<p>Am Abend des 18.9. gegen 21:30 \u00fcberschritten die vereinten Truppen des Kaiserreichs Thorchalien die Grenze zu dem souver\u00e4nen Staat Matara. Der Generalstab Adolys berkl\u00e4rte, dass &#8222;die thorchalischen Truppen in Matara eingefallen [sind] und [&#8230;] begonnen [haben] die Nation von ihrem dikatorischen Tyrannen zu befreien.&#8220;<br \/>\nDes weiteren wird erl\u00e4utert, dass &#8222;dieser Kampf [&#8230;] eine Demonstration unserer geeinten milit\u00e4rischen Kraft, ein Schlag in das Gesicht des uns ausl\u00f6chenden Feindes [ist]&#8220;.<br \/>\nDer dort, nach der Aussage Thorchaliens unrechtm\u00e4\u00dfg regierende Ban, soll abgesetzt und durch einen, durch Thorchalien favorisierten Adligen ersetzt werden.<br \/>\nLaut dem Generalstab r\u00fcckt man schnell vor und erh\u00e4lt dabei Unterst\u00fctzung von Rebellen.<br \/>\nBemerkenswert ist, dass der Generalstab selbst nicht von einer Befreiung spricht, sondern von einem Einfall. Das w\u00e4re ein offensiver kriegerischer Akt dem kein Ultimatum vorrausging.<\/p>\n","protected":false},"excerpt":{"rendered":"<p>Am Abend des 18.9. gegen 21:30 \u00fcberschritten die vereinten Truppen des Kaiserreichs Thorchalien die Grenze zu dem souver\u00e4nen Staat Matara. Der Generalstab Adolys berkl\u00e4rte, dass &#8222;die thorchalischen Truppen in Matara eingefallen [sind] und [&#8230;] begonnen [haben] die Nation von ihrem dikatorischen Tyrannen zu befreien.&#8220; Des weiteren wird erl\u00e4utert, dass &#8222;dieser Kampf [&#8230;] eine Demonstration unserer [&hellip;]<\/p>\n","protected":false},"author":123,"featured_media":0,"comment_status":"open","ping_status":"closed","sticky":false,"template":"","format":"standard","meta":{"_crdt_document":"","footnotes":""},"categories":[86],"tags":[121,120],"class_list":["post-1176","post","type-post","status-publish","format-standard","hentry","category-untergegangen","tag-matara","tag-thochalien"],"_links":{"self":[{"href":"https:\/\/www.mn-nachrichten.de\/index.php?rest_route=\/wp\/v2\/posts\/1176","targetHints":{"allow":["GET"]}}],"collection":[{"href":"https:\/\/www.mn-nachrichten.de\/index.php?rest_route=\/wp\/v2\/posts"}],"about":[{"href":"https:\/\/www.mn-nachrichten.de\/index.php?rest_route=\/wp\/v2\/types\/post"}],"author":[{"embeddable":true,"href":"https:\/\/www.mn-nachrichten.de\/index.php?rest_route=\/wp\/v2\/users\/123"}],"replies":[{"embeddable":true,"href":"https:\/\/www.mn-nachrichten.de\/index.php?rest_route=%2Fwp%2Fv2%2Fcomments&post=1176"}],"version-history":[{"count":6,"href":"https:\/\/www.mn-nachrichten.de\/index.php?rest_route=\/wp\/v2\/posts\/1176\/revisions"}],"predecessor-version":[{"id":1178,"href":"https:\/\/www.mn-nachrichten.de\/index.php?rest_route=\/wp\/v2\/posts\/1176\/revisions\/1178"}],"wp:attachment":[{"href":"https:\/\/www.mn-nachrichten.de\/index.php?rest_route=%2Fwp%2Fv2%2Fmedia&parent=1176"}],"wp:term":[{"taxonomy":"category","embeddable":true,"href":"https:\/\/www.mn-nachrichten.de\/index.php?rest_route=%2Fwp%2Fv2%2Fcategories&post=1176"},{"taxonomy":"post_tag","embeddable":true,"href":"https:\/\/www.mn-nachrichten.de\/index.php?rest_route=%2Fwp%2Fv2%2Ftags&post=1176"}],"curies":[{"name":"wp","href":"https:\/\/api.w.org\/{rel}","templated":true}]}}