{"id":11644,"date":"2025-07-03T19:49:55","date_gmt":"2025-07-03T17:49:55","guid":{"rendered":"https:\/\/www.mn-nachrichten.de\/?p=11644"},"modified":"2025-07-06T22:30:59","modified_gmt":"2025-07-06T20:30:59","slug":"unruhe-und-fragmentierung-im-inneren","status":"publish","type":"post","link":"https:\/\/www.mn-nachrichten.de\/?p=11644","title":{"rendered":"Unruhe und Fragmentierung im Inneren"},"content":{"rendered":"\n<p class=\"wp-block-paragraph\">In mehreren Teilen der Republik h\u00e4ufen sich seit den fr\u00fchen Morgenstunden des heutigen Tages alarmierende Zwischenf\u00e4lle. Digitale Plattformen wurden mit Parolen, Ger\u00fcchten und Drohungen \u00fcberflutet, w\u00e4hrend sich in St\u00e4dten wie Midgardia und Sumrhiz lokale Vorf\u00e4lle realer Gewalt entluden. Sicherheitsdienste sprechen von einem \u201easymmetrischen Druck auf das gesellschaftliche Gef\u00fcge\u201c.<\/p>\n\n\n\n<p class=\"wp-block-paragraph\">Besonders betroffen ist die Hauptstadtinsel Borealis. Dort wurde am sp\u00e4ten Nachmittag ein elfj\u00e4hriges Kind mit queerem Auftreten von einem Nachbarn mit hei\u00dfem Tee \u00fcbergossen \u2013 der Vorfall ereignete sich im Treppenhaus eines Wohnblocks. Das Kind erlitt Verbr\u00fchungen, \u00fcberlebte jedoch. Die Mutter sprach in die Kamera: <em>\u201eWir wollten nur zur Schule. Ich dachte, das sei vorbei.\u201c<\/em><\/p>\n\n\n\n<p class=\"wp-block-paragraph\">Am Abend erkl\u00e4rte das Zentralkommando eine erh\u00f6hte Strukturalarmstufe. Damit verbunden sind verst\u00e4rkte Netzwerkanalysen, pr\u00e4ventive Aktivierungen der Beh\u00f6rde f\u00fcr strukturelle Integrit\u00e4t (BSI) sowie die Wiederinbetriebnahme fr\u00fcherer Koh\u00e4renzr\u00e4ume an Universit\u00e4ten.<\/p>\n\n\n\n<p class=\"wp-block-paragraph\">Eine Stellungnahme der Marschallin blieb bislang aus. Beobachter werten das Schweigen als bewusst gesetztes Signal.<\/p>\n\n\n\n<p class=\"wp-block-paragraph\"><strong>Fazit:<\/strong> Die Republik sieht sich mit einer diffusen Welle von Desinformation und fragmentierter Aggression konfrontiert. Ein konkretes Zentrum fehlt. Stattdessen: viele kleine Br\u00fcche, \u00fcberlagert von digitaler Hektik.<\/p>\n","protected":false},"excerpt":{"rendered":"<p>In mehreren Teilen der Republik h\u00e4ufen sich seit den fr\u00fchen Morgenstunden des heutigen Tages alarmierende Zwischenf\u00e4lle. Digitale Plattformen wurden mit Parolen, Ger\u00fcchten und Drohungen \u00fcberflutet, w\u00e4hrend sich in St\u00e4dten wie Midgardia und Sumrhiz lokale Vorf\u00e4lle realer Gewalt entluden. Sicherheitsdienste sprechen von einem \u201easymmetrischen Druck auf das gesellschaftliche Gef\u00fcge\u201c. Besonders betroffen ist die Hauptstadtinsel Borealis. Dort [&hellip;]<\/p>\n","protected":false},"author":15985,"featured_media":11645,"comment_status":"open","ping_status":"closed","sticky":false,"template":"","format":"standard","meta":{"_crdt_document":"","footnotes":""},"categories":[968],"tags":[],"class_list":["post-11644","post","type-post","status-publish","format-standard","has-post-thumbnail","hentry","category-irkanien"],"_links":{"self":[{"href":"https:\/\/www.mn-nachrichten.de\/index.php?rest_route=\/wp\/v2\/posts\/11644","targetHints":{"allow":["GET"]}}],"collection":[{"href":"https:\/\/www.mn-nachrichten.de\/index.php?rest_route=\/wp\/v2\/posts"}],"about":[{"href":"https:\/\/www.mn-nachrichten.de\/index.php?rest_route=\/wp\/v2\/types\/post"}],"author":[{"embeddable":true,"href":"https:\/\/www.mn-nachrichten.de\/index.php?rest_route=\/wp\/v2\/users\/15985"}],"replies":[{"embeddable":true,"href":"https:\/\/www.mn-nachrichten.de\/index.php?rest_route=%2Fwp%2Fv2%2Fcomments&post=11644"}],"version-history":[{"count":1,"href":"https:\/\/www.mn-nachrichten.de\/index.php?rest_route=\/wp\/v2\/posts\/11644\/revisions"}],"predecessor-version":[{"id":11646,"href":"https:\/\/www.mn-nachrichten.de\/index.php?rest_route=\/wp\/v2\/posts\/11644\/revisions\/11646"}],"wp:featuredmedia":[{"embeddable":true,"href":"https:\/\/www.mn-nachrichten.de\/index.php?rest_route=\/wp\/v2\/media\/11645"}],"wp:attachment":[{"href":"https:\/\/www.mn-nachrichten.de\/index.php?rest_route=%2Fwp%2Fv2%2Fmedia&parent=11644"}],"wp:term":[{"taxonomy":"category","embeddable":true,"href":"https:\/\/www.mn-nachrichten.de\/index.php?rest_route=%2Fwp%2Fv2%2Fcategories&post=11644"},{"taxonomy":"post_tag","embeddable":true,"href":"https:\/\/www.mn-nachrichten.de\/index.php?rest_route=%2Fwp%2Fv2%2Ftags&post=11644"}],"curies":[{"name":"wp","href":"https:\/\/api.w.org\/{rel}","templated":true}]}}