{"id":116,"date":"2007-02-06T22:07:11","date_gmt":"2007-02-06T21:07:11","guid":{"rendered":"http:\/\/www.mn-nachrichten.de\/?p=116"},"modified":"2007-12-29T23:43:27","modified_gmt":"2007-12-29T22:43:27","slug":"unbekannte-objekte-uber-randficht","status":"publish","type":"post","link":"https:\/\/www.mn-nachrichten.de\/?p=116","title":{"rendered":"[Fuchsen] Unbekannte Objekte \u00fcber Randficht"},"content":{"rendered":"<p>Schon die zweite Nacht wurde \u00fcber Randficht ein unbekanntes Objekt gesichtet. Zahlreiche B\u00fcrger riefen aus Angst bei der Polizei an, welche aber auch nicht weiterhelfen kann, ebenso wie der Flughafen Randficht, dort erscheint das Objekt nicht einmal auf dem Radar.<br \/>\nZeugen zu folge ist das Objekt orange schimmernd und rund, kann aber seine Form \u00e4ndern. Au\u00dferdem wurde es im Norden der Stadt stets zu erst gesichtet, was daraus schlie\u00dfen l\u00e4sst, dass es aus Norden kommt.<br \/>\nDer B\u00fcrgermeister Jan Bromer versucht, die \u00e4ngstliche Bev\u00f6lkerung zu beruhigen. \u201cKeine Angst B\u00fcrger, wir werden versuchen, eine Erkl\u00e4rung daf\u00fcr zu finden.\u201d sagte er im Stadtrat.<\/p>\n","protected":false},"excerpt":{"rendered":"<p>Schon die zweite Nacht wurde \u00fcber Randficht ein unbekanntes Objekt gesichtet. Zahlreiche B\u00fcrger riefen aus Angst bei der Polizei an, welche aber auch nicht weiterhelfen kann, ebenso wie der Flughafen Randficht, dort erscheint das Objekt nicht einmal auf dem Radar. Zeugen zu folge ist das Objekt orange schimmernd und rund, kann aber seine Form \u00e4ndern. [&hellip;]<\/p>\n","protected":false},"author":5,"featured_media":0,"comment_status":"open","ping_status":"closed","sticky":false,"template":"","format":"standard","meta":{"_crdt_document":"","footnotes":""},"categories":[5,11],"tags":[],"class_list":["post-116","post","type-post","status-publish","format-standard","hentry","category-wissenschaft","category-fuchsen"],"_links":{"self":[{"href":"https:\/\/www.mn-nachrichten.de\/index.php?rest_route=\/wp\/v2\/posts\/116","targetHints":{"allow":["GET"]}}],"collection":[{"href":"https:\/\/www.mn-nachrichten.de\/index.php?rest_route=\/wp\/v2\/posts"}],"about":[{"href":"https:\/\/www.mn-nachrichten.de\/index.php?rest_route=\/wp\/v2\/types\/post"}],"author":[{"embeddable":true,"href":"https:\/\/www.mn-nachrichten.de\/index.php?rest_route=\/wp\/v2\/users\/5"}],"replies":[{"embeddable":true,"href":"https:\/\/www.mn-nachrichten.de\/index.php?rest_route=%2Fwp%2Fv2%2Fcomments&post=116"}],"version-history":[{"count":0,"href":"https:\/\/www.mn-nachrichten.de\/index.php?rest_route=\/wp\/v2\/posts\/116\/revisions"}],"wp:attachment":[{"href":"https:\/\/www.mn-nachrichten.de\/index.php?rest_route=%2Fwp%2Fv2%2Fmedia&parent=116"}],"wp:term":[{"taxonomy":"category","embeddable":true,"href":"https:\/\/www.mn-nachrichten.de\/index.php?rest_route=%2Fwp%2Fv2%2Fcategories&post=116"},{"taxonomy":"post_tag","embeddable":true,"href":"https:\/\/www.mn-nachrichten.de\/index.php?rest_route=%2Fwp%2Fv2%2Ftags&post=116"}],"curies":[{"name":"wp","href":"https:\/\/api.w.org\/{rel}","templated":true}]}}