{"id":1146,"date":"2008-09-06T23:48:36","date_gmt":"2008-09-06T21:48:36","guid":{"rendered":"http:\/\/www.mn-nachrichten.de\/?p=1146"},"modified":"2008-09-06T23:48:36","modified_gmt":"2008-09-06T21:48:36","slug":"rathariaverdon-neuer-vertrag","status":"publish","type":"post","link":"https:\/\/www.mn-nachrichten.de\/?p=1146","title":{"rendered":"[Ratharia\/Verdon] Neuer Vertrag"},"content":{"rendered":"<p>[Kemberg (Ratharia)] &#8211; Nach neusten Informationen ist der verdonische Kriegsminister zu Gespr\u00e4chen mit dem Protektor des Ratharischen Reiches und Volkes Franz-Josef Rommel in Kemberg eingetroffen. Ursache f\u00fcr diesen Besuch sind wohl das Bombenattentat durch verdonische Terroristen in Frankenthal und die innenpolitischen Kriesen des Royaume de Verdon. So sind am heutigen Abend mehrere Milit\u00e4rst\u00fctzpunkte angegriffen und teilweise zerst\u00f6rt worden. Hinter diesen Angriffen sollen Seperatisten der Insel Corsiac, einer verdonsichen Provinz, stecken.<br \/>\nWie der Vertrag konkret aussieht und ob beide Parteien diesem zustimmen wird im Laufe des morgigen Tages festgestellt werden.<br \/>\nEbenfalls gehen morgen Abend die Wahlen zum ratharischen Reichstag zu Ende.<\/p>\n","protected":false},"excerpt":{"rendered":"<p>[Kemberg (Ratharia)] &#8211; Nach neusten Informationen ist der verdonische Kriegsminister zu Gespr\u00e4chen mit dem Protektor des Ratharischen Reiches und Volkes Franz-Josef Rommel in Kemberg eingetroffen. Ursache f\u00fcr diesen Besuch sind wohl das Bombenattentat durch verdonische Terroristen in Frankenthal und die innenpolitischen Kriesen des Royaume de Verdon. So sind am heutigen Abend mehrere Milit\u00e4rst\u00fctzpunkte angegriffen und [&hellip;]<\/p>\n","protected":false},"author":153,"featured_media":0,"comment_status":"open","ping_status":"closed","sticky":false,"template":"","format":"standard","meta":{"_crdt_document":"","footnotes":""},"categories":[1],"tags":[],"class_list":["post-1146","post","type-post","status-publish","format-standard","hentry","category-international"],"_links":{"self":[{"href":"https:\/\/www.mn-nachrichten.de\/index.php?rest_route=\/wp\/v2\/posts\/1146","targetHints":{"allow":["GET"]}}],"collection":[{"href":"https:\/\/www.mn-nachrichten.de\/index.php?rest_route=\/wp\/v2\/posts"}],"about":[{"href":"https:\/\/www.mn-nachrichten.de\/index.php?rest_route=\/wp\/v2\/types\/post"}],"author":[{"embeddable":true,"href":"https:\/\/www.mn-nachrichten.de\/index.php?rest_route=\/wp\/v2\/users\/153"}],"replies":[{"embeddable":true,"href":"https:\/\/www.mn-nachrichten.de\/index.php?rest_route=%2Fwp%2Fv2%2Fcomments&post=1146"}],"version-history":[{"count":1,"href":"https:\/\/www.mn-nachrichten.de\/index.php?rest_route=\/wp\/v2\/posts\/1146\/revisions"}],"predecessor-version":[{"id":1147,"href":"https:\/\/www.mn-nachrichten.de\/index.php?rest_route=\/wp\/v2\/posts\/1146\/revisions\/1147"}],"wp:attachment":[{"href":"https:\/\/www.mn-nachrichten.de\/index.php?rest_route=%2Fwp%2Fv2%2Fmedia&parent=1146"}],"wp:term":[{"taxonomy":"category","embeddable":true,"href":"https:\/\/www.mn-nachrichten.de\/index.php?rest_route=%2Fwp%2Fv2%2Fcategories&post=1146"},{"taxonomy":"post_tag","embeddable":true,"href":"https:\/\/www.mn-nachrichten.de\/index.php?rest_route=%2Fwp%2Fv2%2Ftags&post=1146"}],"curies":[{"name":"wp","href":"https:\/\/api.w.org\/{rel}","templated":true}]}}