{"id":11395,"date":"2025-06-10T11:17:19","date_gmt":"2025-06-10T09:17:19","guid":{"rendered":"https:\/\/www.mn-nachrichten.de\/?p=11395"},"modified":"2025-06-10T11:17:19","modified_gmt":"2025-06-10T09:17:19","slug":"historischer-sieg-der-kommunisten-in-gran-novara","status":"publish","type":"post","link":"https:\/\/www.mn-nachrichten.de\/?p=11395","title":{"rendered":"Historischer Sieg der Kommunisten in Gran Novara"},"content":{"rendered":"<div class=\"wp-block-image\">\n<figure class=\"alignright size-large is-resized\"><a href=\"https:\/\/www.mn-nachrichten.de\/wp-content\/2025\/06\/gn1.jpg\"><img loading=\"lazy\" decoding=\"async\" width=\"1024\" height=\"576\" src=\"https:\/\/www.mn-nachrichten.de\/wp-content\/2025\/06\/gn1-1024x576.jpg\" alt=\"\" class=\"wp-image-11397\" style=\"width:539px;height:auto\" srcset=\"https:\/\/www.mn-nachrichten.de\/wp-content\/2025\/06\/gn1-1024x576.jpg 1024w, https:\/\/www.mn-nachrichten.de\/wp-content\/2025\/06\/gn1-300x169.jpg 300w, https:\/\/www.mn-nachrichten.de\/wp-content\/2025\/06\/gn1-768x432.jpg 768w, https:\/\/www.mn-nachrichten.de\/wp-content\/2025\/06\/gn1-1536x864.jpg 1536w, https:\/\/www.mn-nachrichten.de\/wp-content\/2025\/06\/gn1.jpg 1600w\" sizes=\"auto, (max-width: 1024px) 100vw, 1024px\" \/><\/a><\/figure>\n<\/div>\n\n\n<p class=\"wp-block-paragraph\">Die Volksratswahl in Gran Novara hat ein politisches Erdbeben ausgel\u00f6st: Mit 47,8\u202f% der Stimmen erzielt die Partito Comunista Novara (PCN) unter der F\u00fchrung von Eleonora Ancilotto einen \u00fcberw\u00e4ltigenden Sieg \u2013 nur knapp an der absoluten Mehrheit vorbei. Beobachter sprechen von einem historischen Moment f\u00fcr Gran Novara, dessen politische Landschaft sich damit grundlegend verschieben d\u00fcrfte.<\/p>\n\n\n\n<p class=\"wp-block-paragraph\">Mit einer Wahlbeteiligung von 83,65\u202f% erreichte der Urnengang einen neuen H\u00f6chststand. Fr\u00fch zeichnete sich eine rege Teilnahme ab. Die Kommunisten \u00fcberzeugten vor allem mit einem dualen Wahlkampf: klassenk\u00e4mpferisch in der Rhetorik, aber gezielt zugeschnitten auf die l\u00e4ndliche Bev\u00f6lkerung. Die Kombination aus ideologischer Klarheit und strategischer Bodenhaftung bescherte der PCN fast die Alleinregierung.<\/p>\n\n\n\n<p class=\"wp-block-paragraph\">Zweitst\u00e4rkste Kraft wurde das konservative B\u00fcndnis Tradizione e Futuro \u2013 Novara chiam\u00f2 mit 31,5\u202f%. Die Gruppierung rund um Primo Berlinguer, der zwar nicht selbst kandidierte, aber als Integrationsfigur der b\u00fcrgerlich-adeligen Mitte galt, konnte vor allem in den Kernregionen Novaras punkten. Dennoch blieb man deutlich hinter der PCN zur\u00fcck.<\/p>\n\n\n\n<p class=\"wp-block-paragraph\">Der einst hoffnungsvolle Risorgimento st\u00fcrzte auf 12,9\u202f% ab \u2013 offenbar konnten konservative Nationalbewegte diesmal kaum mobilisiert werden. \u00dcberraschend schwach auch das neue B\u00fcndnis Nuovo Movimento (5,5\u202f%), ein Versuch, Liberale und Gr\u00fcne zu vereinen, der sich vor allem in Lascona und Magiano halten konnte.<\/p>\n\n\n\n<p class=\"wp-block-paragraph\">Eine kleine Sensation gelang der harbothensischen Partito Socialdemocratico di Her\u00f3t (PSH), die mit 2,3\u202f% den Einzug in den Volksrat schaffte. Ihr Fokus auf Rechtsstaatlichkeit, antic\u00e4ische Demokratie und regionale Selbstbestimmung traf offenbar einen Nerv \u2013 zumindest im k\u00fcrzlich eingegliederten Heroth.<\/p>\n\n\n\n<p class=\"wp-block-paragraph\">Ancilotto, die noch vor einem Jahr unter Hausarrest stand, wird nun vermutlich zur neuen Volkstribunin gew\u00e4hlt \u2013 ein symboltr\u00e4chtiger Schritt in einem Land, das nach einem neuen Gleichgewicht zwischen Republik und Monarchie sucht. Ob sie jedoch auf Konfrontation mit dem konservativen Reichsrat geht oder eine Koalition mit Berlinguer anstrebt, bleibt offen. Innerhalb der PCN existieren auch moderate Str\u00f6mungen, die zu einem historischen Kompromiss raten.<\/p>\n\n\n\n<p class=\"wp-block-paragraph\">Die Ergebnisse legen den Grundstein f\u00fcr eine potenziell tiefgreifende Neuausrichtung der novarischen Politik. Der Volksrat, gest\u00e4rkt durch die PCN, k\u00f6nnte sich k\u00fcnftig als selbstbewusstes Gegengewicht zum monarchisch gepr\u00e4gten Reichsrat positionieren. Die politische Zukunft Gran Novaras bleibt offen \u2013 aber sie wird nicht langweilig.<\/p>\n","protected":false},"excerpt":{"rendered":"<p>Die Volksratswahl in Gran Novara hat ein politisches Erdbeben ausgel\u00f6st: Mit 47,8\u202f% der Stimmen erzielt die Partito Comunista Novara (PCN) unter der F\u00fchrung von Eleonora Ancilotto einen \u00fcberw\u00e4ltigenden Sieg \u2013 nur knapp an der absoluten Mehrheit vorbei. Beobachter sprechen von einem historischen Moment f\u00fcr Gran Novara, dessen politische Landschaft sich damit grundlegend verschieben d\u00fcrfte. Mit [&hellip;]<\/p>\n","protected":false},"author":1674,"featured_media":11397,"comment_status":"open","ping_status":"","sticky":false,"template":"","format":"standard","meta":{"_crdt_document":"","footnotes":""},"categories":[89],"tags":[],"class_list":["post-11395","post","type-post","status-publish","format-standard","has-post-thumbnail","hentry","category-gran-novara"],"_links":{"self":[{"href":"https:\/\/www.mn-nachrichten.de\/index.php?rest_route=\/wp\/v2\/posts\/11395","targetHints":{"allow":["GET"]}}],"collection":[{"href":"https:\/\/www.mn-nachrichten.de\/index.php?rest_route=\/wp\/v2\/posts"}],"about":[{"href":"https:\/\/www.mn-nachrichten.de\/index.php?rest_route=\/wp\/v2\/types\/post"}],"author":[{"embeddable":true,"href":"https:\/\/www.mn-nachrichten.de\/index.php?rest_route=\/wp\/v2\/users\/1674"}],"replies":[{"embeddable":true,"href":"https:\/\/www.mn-nachrichten.de\/index.php?rest_route=%2Fwp%2Fv2%2Fcomments&post=11395"}],"version-history":[{"count":1,"href":"https:\/\/www.mn-nachrichten.de\/index.php?rest_route=\/wp\/v2\/posts\/11395\/revisions"}],"predecessor-version":[{"id":11398,"href":"https:\/\/www.mn-nachrichten.de\/index.php?rest_route=\/wp\/v2\/posts\/11395\/revisions\/11398"}],"wp:featuredmedia":[{"embeddable":true,"href":"https:\/\/www.mn-nachrichten.de\/index.php?rest_route=\/wp\/v2\/media\/11397"}],"wp:attachment":[{"href":"https:\/\/www.mn-nachrichten.de\/index.php?rest_route=%2Fwp%2Fv2%2Fmedia&parent=11395"}],"wp:term":[{"taxonomy":"category","embeddable":true,"href":"https:\/\/www.mn-nachrichten.de\/index.php?rest_route=%2Fwp%2Fv2%2Fcategories&post=11395"},{"taxonomy":"post_tag","embeddable":true,"href":"https:\/\/www.mn-nachrichten.de\/index.php?rest_route=%2Fwp%2Fv2%2Ftags&post=11395"}],"curies":[{"name":"wp","href":"https:\/\/api.w.org\/{rel}","templated":true}]}}