{"id":11384,"date":"2025-06-08T23:13:29","date_gmt":"2025-06-08T21:13:29","guid":{"rendered":"https:\/\/www.mn-nachrichten.de\/?p=11384"},"modified":"2025-06-08T23:13:29","modified_gmt":"2025-06-08T21:13:29","slug":"severanische-bundesversammlung-billigt-friedensschluss","status":"publish","type":"post","link":"https:\/\/www.mn-nachrichten.de\/?p=11384","title":{"rendered":"Severanische Bundesversammlung billigt Friedensschluss"},"content":{"rendered":"<div class=\"wp-block-image\">\n<figure class=\"alignright size-large is-resized\"><a href=\"https:\/\/www.mn-nachrichten.de\/wp-content\/2025\/06\/SEV_FRST-scaled.jpeg\"><img loading=\"lazy\" decoding=\"async\" width=\"1024\" height=\"559\" src=\"https:\/\/www.mn-nachrichten.de\/wp-content\/2025\/06\/SEV_FRST-1024x559.jpeg\" alt=\"\" class=\"wp-image-11385\" style=\"aspect-ratio:1.831882443067066;width:440px;height:auto\" srcset=\"https:\/\/www.mn-nachrichten.de\/wp-content\/2025\/06\/SEV_FRST-1024x559.jpeg 1024w, https:\/\/www.mn-nachrichten.de\/wp-content\/2025\/06\/SEV_FRST-300x164.jpeg 300w, https:\/\/www.mn-nachrichten.de\/wp-content\/2025\/06\/SEV_FRST-768x419.jpeg 768w, https:\/\/www.mn-nachrichten.de\/wp-content\/2025\/06\/SEV_FRST-1536x838.jpeg 1536w, https:\/\/www.mn-nachrichten.de\/wp-content\/2025\/06\/SEV_FRST-2048x1117.jpeg 2048w\" sizes=\"auto, (max-width: 1024px) 100vw, 1024px\" \/><\/a><\/figure>\n<\/div>\n\n\n<p class=\"wp-block-paragraph\">Die Bundesversammlung der Sozialistischen Bundesrepublik Severanien hat in ihrer gestrigen Sitzung mit breiter Mehrheit dem sogenannten P.E.A.C.E.-Vertrag zugestimmt und damit offiziell den Weg f\u00fcr einen umfassenden Friedensschluss mit Ratelon und dessen Nachfolgestaaten geebnet.<\/p>\n\n\n\n<p class=\"wp-block-paragraph\">Der &#8222;Pact for Engagement, Accord, Cooperation, and Endurance&#8220; markiert das Ende jahrelanger Spannungen und milit\u00e4rischer Konfrontationen. Zentrale Bestimmungen des Abkommens beinhalten die v\u00f6lkerrechtliche Anerkennung der Nachfolgestaaten Roldem und Salbor sowie die Aufl\u00f6sung der Demokratischen Union Ratelon. Die Republik Imperia-Freistein wird als deren rechtlicher Nachfolger anerkannt und \u00fcbernimmt Verpflichtungen wie Reparationen sowie eine zeitlich befristete Abr\u00fcstungsverpflichtung.<\/p>\n\n\n\n<p class=\"wp-block-paragraph\">In Severanien haben bereits im Vorfeld der Zustimmung der Volksvertretung die praktischen Umsetzungsma\u00dfnahmen begonnen. Erste Kontingente der Streitkr\u00e4fte wurden aus Freistein abgezogen, logistische Einrichtungen werden schrittweise zur\u00fcckgebaut. Der vollst\u00e4ndige R\u00fcckzug soll zeitnah abgeschlossen sein.<\/p>\n","protected":false},"excerpt":{"rendered":"<p>Die Bundesversammlung der Sozialistischen Bundesrepublik Severanien hat in ihrer gestrigen Sitzung mit breiter Mehrheit dem sogenannten P.E.A.C.E.-Vertrag zugestimmt und damit offiziell den Weg f\u00fcr einen umfassenden Friedensschluss mit Ratelon und dessen Nachfolgestaaten geebnet. Der &#8222;Pact for Engagement, Accord, Cooperation, and Endurance&#8220; markiert das Ende jahrelanger Spannungen und milit\u00e4rischer Konfrontationen. Zentrale Bestimmungen des Abkommens beinhalten die [&hellip;]<\/p>\n","protected":false},"author":1674,"featured_media":11385,"comment_status":"open","ping_status":"","sticky":false,"template":"","format":"standard","meta":{"_crdt_document":"","footnotes":""},"categories":[30,88],"tags":[],"class_list":["post-11384","post","type-post","status-publish","format-standard","has-post-thumbnail","hentry","category-demokratische-union","category-severanien"],"_links":{"self":[{"href":"https:\/\/www.mn-nachrichten.de\/index.php?rest_route=\/wp\/v2\/posts\/11384","targetHints":{"allow":["GET"]}}],"collection":[{"href":"https:\/\/www.mn-nachrichten.de\/index.php?rest_route=\/wp\/v2\/posts"}],"about":[{"href":"https:\/\/www.mn-nachrichten.de\/index.php?rest_route=\/wp\/v2\/types\/post"}],"author":[{"embeddable":true,"href":"https:\/\/www.mn-nachrichten.de\/index.php?rest_route=\/wp\/v2\/users\/1674"}],"replies":[{"embeddable":true,"href":"https:\/\/www.mn-nachrichten.de\/index.php?rest_route=%2Fwp%2Fv2%2Fcomments&post=11384"}],"version-history":[{"count":1,"href":"https:\/\/www.mn-nachrichten.de\/index.php?rest_route=\/wp\/v2\/posts\/11384\/revisions"}],"predecessor-version":[{"id":11386,"href":"https:\/\/www.mn-nachrichten.de\/index.php?rest_route=\/wp\/v2\/posts\/11384\/revisions\/11386"}],"wp:featuredmedia":[{"embeddable":true,"href":"https:\/\/www.mn-nachrichten.de\/index.php?rest_route=\/wp\/v2\/media\/11385"}],"wp:attachment":[{"href":"https:\/\/www.mn-nachrichten.de\/index.php?rest_route=%2Fwp%2Fv2%2Fmedia&parent=11384"}],"wp:term":[{"taxonomy":"category","embeddable":true,"href":"https:\/\/www.mn-nachrichten.de\/index.php?rest_route=%2Fwp%2Fv2%2Fcategories&post=11384"},{"taxonomy":"post_tag","embeddable":true,"href":"https:\/\/www.mn-nachrichten.de\/index.php?rest_route=%2Fwp%2Fv2%2Ftags&post=11384"}],"curies":[{"name":"wp","href":"https:\/\/api.w.org\/{rel}","templated":true}]}}