{"id":11312,"date":"2025-05-30T12:29:57","date_gmt":"2025-05-30T10:29:57","guid":{"rendered":"https:\/\/www.mn-nachrichten.de\/?p=11312"},"modified":"2025-05-30T12:29:57","modified_gmt":"2025-05-30T10:29:57","slug":"severanische-zigarettenmarke-expandiert-ins-anticaeische-ausland","status":"publish","type":"post","link":"https:\/\/www.mn-nachrichten.de\/?p=11312","title":{"rendered":"Severanische Zigarettenmarke expandiert ins antic\u00e4ische Ausland"},"content":{"rendered":"\n<p class=\"wp-block-paragraph\">Die severanische Tabakmarke VATRA, die seit ihrer Gr\u00fcndung im Fr\u00fchjahr 2023 mit beeindruckendem Wachstum den Bundesmarkt aufmischt, plant nun offenbar den Schritt ins antic\u00e4ische Ausland. Nachdem VATRA im Jahr 2024 mit einem Absatz von 38,2 Millionen Packungen fast zum Branchenprimus Drugar (42,7 Mio.) aufgeschlossen hat, soll die Expansion die Position des Unternehmens weiter st\u00e4rken.<\/p>\n\n\n<div class=\"wp-block-image\">\n<figure class=\"alignright size-full is-resized\"><a href=\"https:\/\/www.mn-nachrichten.de\/wp-content\/2025\/05\/5354.jpg\"><img loading=\"lazy\" decoding=\"async\" width=\"861\" height=\"429\" src=\"https:\/\/www.mn-nachrichten.de\/wp-content\/2025\/05\/5354.jpg\" alt=\"\" class=\"wp-image-11313\" style=\"aspect-ratio:2.0070196856401648;width:511px;height:auto\" srcset=\"https:\/\/www.mn-nachrichten.de\/wp-content\/2025\/05\/5354.jpg 861w, https:\/\/www.mn-nachrichten.de\/wp-content\/2025\/05\/5354-300x149.jpg 300w, https:\/\/www.mn-nachrichten.de\/wp-content\/2025\/05\/5354-768x383.jpg 768w\" sizes=\"auto, (max-width: 861px) 100vw, 861px\" \/><\/a><\/figure>\n<\/div>\n\n\n<p class=\"wp-block-paragraph\">Mit der Einf\u00fchrung der neuen Submarke \u201eVATRA Lola\u201c richtet sich das Unternehmen fortan gezielt an eine j\u00fcngere, urban orientierte Zielgruppe. Das in leuchtendem Neonlila gestaltete Produkt spricht vor allem Konsumenten im Alter von 16 bis 30 Jahren an, die Wert auf Individualit\u00e4t und Selbstinszenierung legen. Der Slogan \u201eDu brennst, solange du lebst.\u201c soll die jugendliche und rebellische Ausrichtung der Marke unterstreichen.<\/p>\n\n\n\n<p class=\"wp-block-paragraph\">Der Verkaufsstart von VATRA Lola ist f\u00fcr Juli 2025 auf dem heimischen Markt geplant. Ab Herbst folgt eine limitierte Markteinf\u00fchrung in wichtigen Nachbarl\u00e4ndern Anticas, insbesondere Gran Novara, Usitien und Turanien. Mit dieser Strategie reagiert VATRA auf die wachsende Nachfrage nach frischen, trendbewussten Marken bei jungen Konsumenten sowohl im Heimatland als auch im antic\u00e4ischen Markt.<\/p>\n\n\n\n<p class=\"wp-block-paragraph\">Unternehmenssprecher Ljudmil Markov betont: \u201eVATRA steht f\u00fcr eine klare Haltung und ein starkes severanisches Lebensgef\u00fchl. Mit der Expansion ins Ausland setzen wir ein Zeichen f\u00fcr unsere Ambitionen, auch auf neuen M\u00e4rkten die Nummer eins zu werden.\u201c<\/p>\n\n\n\n<p class=\"wp-block-paragraph\"><\/p>\n","protected":false},"excerpt":{"rendered":"<p>Die severanische Tabakmarke VATRA, die seit ihrer Gr\u00fcndung im Fr\u00fchjahr 2023 mit beeindruckendem Wachstum den Bundesmarkt aufmischt, plant nun offenbar den Schritt ins antic\u00e4ische Ausland. Nachdem VATRA im Jahr 2024 mit einem Absatz von 38,2 Millionen Packungen fast zum Branchenprimus Drugar (42,7 Mio.) aufgeschlossen hat, soll die Expansion die Position des Unternehmens weiter st\u00e4rken. Mit [&hellip;]<\/p>\n","protected":false},"author":1674,"featured_media":11313,"comment_status":"closed","ping_status":"","sticky":false,"template":"","format":"standard","meta":{"_crdt_document":"","footnotes":""},"categories":[3,89,88,14],"tags":[],"class_list":["post-11312","post","type-post","status-publish","format-standard","has-post-thumbnail","hentry","category-wirtschaft","category-gran-novara","category-severanien","category-turanien"],"_links":{"self":[{"href":"https:\/\/www.mn-nachrichten.de\/index.php?rest_route=\/wp\/v2\/posts\/11312","targetHints":{"allow":["GET"]}}],"collection":[{"href":"https:\/\/www.mn-nachrichten.de\/index.php?rest_route=\/wp\/v2\/posts"}],"about":[{"href":"https:\/\/www.mn-nachrichten.de\/index.php?rest_route=\/wp\/v2\/types\/post"}],"author":[{"embeddable":true,"href":"https:\/\/www.mn-nachrichten.de\/index.php?rest_route=\/wp\/v2\/users\/1674"}],"replies":[{"embeddable":true,"href":"https:\/\/www.mn-nachrichten.de\/index.php?rest_route=%2Fwp%2Fv2%2Fcomments&post=11312"}],"version-history":[{"count":1,"href":"https:\/\/www.mn-nachrichten.de\/index.php?rest_route=\/wp\/v2\/posts\/11312\/revisions"}],"predecessor-version":[{"id":11314,"href":"https:\/\/www.mn-nachrichten.de\/index.php?rest_route=\/wp\/v2\/posts\/11312\/revisions\/11314"}],"wp:featuredmedia":[{"embeddable":true,"href":"https:\/\/www.mn-nachrichten.de\/index.php?rest_route=\/wp\/v2\/media\/11313"}],"wp:attachment":[{"href":"https:\/\/www.mn-nachrichten.de\/index.php?rest_route=%2Fwp%2Fv2%2Fmedia&parent=11312"}],"wp:term":[{"taxonomy":"category","embeddable":true,"href":"https:\/\/www.mn-nachrichten.de\/index.php?rest_route=%2Fwp%2Fv2%2Fcategories&post=11312"},{"taxonomy":"post_tag","embeddable":true,"href":"https:\/\/www.mn-nachrichten.de\/index.php?rest_route=%2Fwp%2Fv2%2Ftags&post=11312"}],"curies":[{"name":"wp","href":"https:\/\/api.w.org\/{rel}","templated":true}]}}