{"id":11059,"date":"2025-04-26T11:56:11","date_gmt":"2025-04-26T09:56:11","guid":{"rendered":"https:\/\/www.mn-nachrichten.de\/?p=11059"},"modified":"2025-04-26T11:56:11","modified_gmt":"2025-04-26T09:56:11","slug":"patriarch-ottokar-racheiner-gruendet-exarchat-irkanien","status":"publish","type":"post","link":"https:\/\/www.mn-nachrichten.de\/?p=11059","title":{"rendered":"Patriarch Ottokar Racheiner gr\u00fcndet Exarchat Irkanien"},"content":{"rendered":"\n<p class=\"wp-block-paragraph\"><strong>KARAKENT<\/strong> &#8211; Mit feierlicher Erkl\u00e4rung aus dem Patriarchensitz in Nordhanar hat Seine Seligkeit, Patriarch Ottokar Racheiner, heute die Gr\u00fcndung des <strong>Exarchats Irkanien<\/strong> bekanntgegeben. In Aus\u00fcbung seiner Befugnisse gem\u00e4\u00df der Kirchenverfassung vom 25. April 2025 errichtete er die neue kirchliche Verwaltungseinheit, um der wachsenden christlichen Gemeinschaft in der Freien Irkanischen Republik geistliche F\u00fchrung und seelsorgerische Betreuung zu gew\u00e4hren.<\/p>\n\n\n\n<p class=\"wp-block-paragraph\">Der Sitz des neuen Exarchats wird in der Metropole Genepohl liegen. Bis zur offiziellen Ernennung eines Exarchen \u00fcbernimmt der Erzpr\u00e4fekt der Hauptpr\u00e4fektur des Generalrates kommissarisch die Leitung.<\/p>\n\n\n\n<p class=\"wp-block-paragraph\">Zugleich wurde das bereits bestehende Exarchat San Vezzano auf Anordnung des Patriarchen in den Rang eines &#8218;Erzexarchats&#8216; erhoben. Auch hier f\u00fchrt vor\u00fcbergehend die Hauptpr\u00e4fektur die Amtsgesch\u00e4fte, bis die Ernennung eines Erzexarchen erfolgen kann.<\/p>\n\n\n\n<p class=\"wp-block-paragraph\">Die <strong>Arentische Kirche<\/strong> unterscheidet sich in ihrem Selbstverst\u00e4ndnis deutlich von anderen christlichen Gemeinschaften. Sie bekennt sich ausdr\u00fccklich zur <strong>Gleichstellung der Geschlechter<\/strong>, erm\u00f6glicht die <strong>Frauenordination <\/strong>und bef\u00fcrwortet <strong>gleichgeschlechtliche Ehen<\/strong>. Diese Grunds\u00e4tze werden in naher Zukunft auch endg\u00fcltig in der Kirchenverfassung verankert. Gerade durch ihre klare Haltung zu Fragen der Menschenw\u00fcrde und der individuellen Freiheit konnte sie in Irkanien wirken \u2013 und sie d\u00fcrfte in den kommenden Jahren vielen anderen christlichen Gemeinschaften den Rang ablaufen. Ihre progressive Theologie trifft in einer sich wandelnden Welt auf wachsende Resonanz.<\/p>\n\n\n\n<p class=\"wp-block-paragraph\">&#8222;Die Gr\u00fcndung des Exarchats Irkanien ist ein historischer Schritt&#8220;, erkl\u00e4rte Patriarch Ottokar in seiner Ansprache. &#8222;Es ist unser Auftrag, allen V\u00f6lkern, die den Ruf Christi h\u00f6ren, Heimat und geistlichen Halt zu bieten.&#8220;<\/p>\n\n\n\n<p class=\"wp-block-paragraph\">Mit dieser Entscheidung unterstreicht die Arentische Kirche ihr Engagement, auch in Staaten mit junger oder wieder aufbl\u00fchender christlicher Pr\u00e4senz Strukturen der Seelsorge aufzubauen.<\/p>\n\n\n\n<p class=\"wp-block-paragraph\"><a href=\"https:\/\/forum.mnprojekte.net\/wbb5\/forum\/index.php?thread\/38396-patriarchales-verordnungsblatt\/&amp;postID=695607#post695607\" data-type=\"link\" data-id=\"https:\/\/forum.mnprojekte.net\/wbb5\/forum\/index.php?thread\/38396-patriarchales-verordnungsblatt\/&amp;postID=695607#post695607\">Quelle<\/a><\/p>\n\n\n\n<p class=\"wp-block-paragraph\"><\/p>\n","protected":false},"excerpt":{"rendered":"<p>KARAKENT &#8211; Mit feierlicher Erkl\u00e4rung aus dem Patriarchensitz in Nordhanar hat Seine Seligkeit, Patriarch Ottokar Racheiner, heute die Gr\u00fcndung des Exarchats Irkanien bekanntgegeben. In Aus\u00fcbung seiner Befugnisse gem\u00e4\u00df der Kirchenverfassung vom 25. April 2025 errichtete er die neue kirchliche Verwaltungseinheit, um der wachsenden christlichen Gemeinschaft in der Freien Irkanischen Republik geistliche F\u00fchrung und seelsorgerische Betreuung [&hellip;]<\/p>\n","protected":false},"author":15972,"featured_media":10775,"comment_status":"closed","ping_status":"","sticky":false,"template":"","format":"standard","meta":{"_crdt_document":"","footnotes":""},"categories":[1,6,968,607],"tags":[],"class_list":["post-11059","post","type-post","status-publish","format-standard","has-post-thumbnail","hentry","category-international","category-kultur","category-irkanien","category-seyffenstein"],"_links":{"self":[{"href":"https:\/\/www.mn-nachrichten.de\/index.php?rest_route=\/wp\/v2\/posts\/11059","targetHints":{"allow":["GET"]}}],"collection":[{"href":"https:\/\/www.mn-nachrichten.de\/index.php?rest_route=\/wp\/v2\/posts"}],"about":[{"href":"https:\/\/www.mn-nachrichten.de\/index.php?rest_route=\/wp\/v2\/types\/post"}],"author":[{"embeddable":true,"href":"https:\/\/www.mn-nachrichten.de\/index.php?rest_route=\/wp\/v2\/users\/15972"}],"replies":[{"embeddable":true,"href":"https:\/\/www.mn-nachrichten.de\/index.php?rest_route=%2Fwp%2Fv2%2Fcomments&post=11059"}],"version-history":[{"count":1,"href":"https:\/\/www.mn-nachrichten.de\/index.php?rest_route=\/wp\/v2\/posts\/11059\/revisions"}],"predecessor-version":[{"id":11060,"href":"https:\/\/www.mn-nachrichten.de\/index.php?rest_route=\/wp\/v2\/posts\/11059\/revisions\/11060"}],"wp:featuredmedia":[{"embeddable":true,"href":"https:\/\/www.mn-nachrichten.de\/index.php?rest_route=\/wp\/v2\/media\/10775"}],"wp:attachment":[{"href":"https:\/\/www.mn-nachrichten.de\/index.php?rest_route=%2Fwp%2Fv2%2Fmedia&parent=11059"}],"wp:term":[{"taxonomy":"category","embeddable":true,"href":"https:\/\/www.mn-nachrichten.de\/index.php?rest_route=%2Fwp%2Fv2%2Fcategories&post=11059"},{"taxonomy":"post_tag","embeddable":true,"href":"https:\/\/www.mn-nachrichten.de\/index.php?rest_route=%2Fwp%2Fv2%2Ftags&post=11059"}],"curies":[{"name":"wp","href":"https:\/\/api.w.org\/{rel}","templated":true}]}}