{"id":11036,"date":"2025-04-23T21:35:17","date_gmt":"2025-04-23T19:35:17","guid":{"rendered":"https:\/\/www.mn-nachrichten.de\/?p=11036"},"modified":"2025-04-23T21:35:17","modified_gmt":"2025-04-23T19:35:17","slug":"breaking-news-historischer-friedensvertrag-beschlossen-konferenz-in-d-c-erreicht-einigung","status":"publish","type":"post","link":"https:\/\/www.mn-nachrichten.de\/?p=11036","title":{"rendered":"+++BREAKING NEWS+++ Historischer Friedensvertrag beschlossen \u2013 Konferenz in D.C. erreicht Einigung"},"content":{"rendered":"\n<p class=\"wp-block-paragraph\"><em>D.C., Vereinigte Staaten von Astor<\/em> \u2013 Die Teilnehmerstaaten der Friedenskonferenz in D.C. haben sich heute auf einen umfassenden Friedensvertrag geeinigt. Der sogenannte <strong>P.E.A.C.E. Treaty \u2013 Pact for Engagement, Accord, Cooperation, and Endurance<\/strong> markiert das offizielle Ende des Konflikts rund um die Demokratische Union Ratelon und definiert die Grundlagen f\u00fcr eine neue geopolitische Ordnung auf den Kontinenten.<\/p>\n\n\n\n<p class=\"wp-block-paragraph\">Wie das Wei\u00dfe Haus best\u00e4tigte, wird der Vertrag im Rahmen einer feierlichen Zeremonie im Rosengarten pr\u00e4sentiert und unterzeichnet. Pr\u00e4sidentin <strong>Tamara Arroyo<\/strong> wird das Dokument vorstellen, gefolgt von Beitr\u00e4gen der Delegationen aller Vertragsstaaten. Anschlie\u00dfend erfolgt die gemeinsame Unterzeichnung.<\/p>\n\n\n\n<p class=\"wp-block-paragraph\">Der Vertrag beinhaltet unter anderem die v\u00f6lkerrechtliche Aufl\u00f6sung Ratelons, die Anerkennung der Republiken <strong>Roldem<\/strong> und <strong>Salbor<\/strong>, Reparationen durch <strong>Imperia-Freistein<\/strong> sowie die Einbindung aller Nachfolgestaaten in die <strong>Konferenz der Nationen<\/strong>.<\/p>\n\n\n\n<p class=\"wp-block-paragraph\">Wir berichten live von der Zeremonie ab 10:00 Uhr AST. #PEACEtreaty #Astor #Diplomatie<\/p>\n\n\n\n<p class=\"wp-block-paragraph\"><\/p>\n","protected":false},"excerpt":{"rendered":"<p>D.C., Vereinigte Staaten von Astor \u2013 Die Teilnehmerstaaten der Friedenskonferenz in D.C. haben sich heute auf einen umfassenden Friedensvertrag geeinigt. Der sogenannte P.E.A.C.E. Treaty \u2013 Pact for Engagement, Accord, Cooperation, and Endurance markiert das offizielle Ende des Konflikts rund um die Demokratische Union Ratelon und definiert die Grundlagen f\u00fcr eine neue geopolitische Ordnung auf den [&hellip;]<\/p>\n","protected":false},"author":15969,"featured_media":11037,"comment_status":"closed","ping_status":"","sticky":false,"template":"","format":"standard","meta":{"_crdt_document":"","footnotes":""},"categories":[1,82,290,1008,30,89,971,88,869],"tags":[652,656,503,1021,1003,654,951,653,97],"class_list":["post-11036","post","type-post","status-publish","format-standard","has-post-thumbnail","hentry","category-international","category-albernia","category-astor","category-cranberra","category-demokratische-union","category-gran-novara","category-roldem","category-severanien","category-targa","tag-albernia","tag-astor","tag-cranberra","tag-d-c","tag-friedensverhandlungen","tag-gran-novara","tag-ratelon","tag-severanien","tag-targa"],"_links":{"self":[{"href":"https:\/\/www.mn-nachrichten.de\/index.php?rest_route=\/wp\/v2\/posts\/11036","targetHints":{"allow":["GET"]}}],"collection":[{"href":"https:\/\/www.mn-nachrichten.de\/index.php?rest_route=\/wp\/v2\/posts"}],"about":[{"href":"https:\/\/www.mn-nachrichten.de\/index.php?rest_route=\/wp\/v2\/types\/post"}],"author":[{"embeddable":true,"href":"https:\/\/www.mn-nachrichten.de\/index.php?rest_route=\/wp\/v2\/users\/15969"}],"replies":[{"embeddable":true,"href":"https:\/\/www.mn-nachrichten.de\/index.php?rest_route=%2Fwp%2Fv2%2Fcomments&post=11036"}],"version-history":[{"count":1,"href":"https:\/\/www.mn-nachrichten.de\/index.php?rest_route=\/wp\/v2\/posts\/11036\/revisions"}],"predecessor-version":[{"id":11038,"href":"https:\/\/www.mn-nachrichten.de\/index.php?rest_route=\/wp\/v2\/posts\/11036\/revisions\/11038"}],"wp:featuredmedia":[{"embeddable":true,"href":"https:\/\/www.mn-nachrichten.de\/index.php?rest_route=\/wp\/v2\/media\/11037"}],"wp:attachment":[{"href":"https:\/\/www.mn-nachrichten.de\/index.php?rest_route=%2Fwp%2Fv2%2Fmedia&parent=11036"}],"wp:term":[{"taxonomy":"category","embeddable":true,"href":"https:\/\/www.mn-nachrichten.de\/index.php?rest_route=%2Fwp%2Fv2%2Fcategories&post=11036"},{"taxonomy":"post_tag","embeddable":true,"href":"https:\/\/www.mn-nachrichten.de\/index.php?rest_route=%2Fwp%2Fv2%2Ftags&post=11036"}],"curies":[{"name":"wp","href":"https:\/\/api.w.org\/{rel}","templated":true}]}}