{"id":10761,"date":"2025-03-31T20:23:24","date_gmt":"2025-03-31T18:23:24","guid":{"rendered":"https:\/\/www.mn-nachrichten.de\/?p=10761"},"modified":"2025-03-31T20:23:24","modified_gmt":"2025-03-31T18:23:24","slug":"historischer-gipfel-in-d-c-friedenskonferenz-eroeffnet","status":"publish","type":"post","link":"https:\/\/www.mn-nachrichten.de\/?p=10761","title":{"rendered":"Historischer Gipfel in D.C.: Friedenskonferenz er\u00f6ffnet"},"content":{"rendered":"\n<p class=\"wp-block-paragraph\"><em>D.C., 31. M\u00e4rz 2025<\/em> \u2013 In der Hauptstadt der Vereinigten Staaten von Astor hat heute die mit Spannung erwartete Friedenskonferenz begonnen. Vertreter aus neun Nationen sind angereist, um \u00fcber die Beilegung der j\u00fcngsten Konflikte und eine langfristige Stabilit\u00e4t in der Region zu verhandeln.<\/p>\n\n\n\n<p class=\"wp-block-paragraph\">Pr\u00e4sidentin Tamara Arroyo er\u00f6ffnete die Konferenz mit einer eindringlichen Rede, in der sie die Verantwortung aller Teilnehmer betonte: \u201eFrieden ist kein Abkommen auf dem Papier, sondern ein Fundament, auf dem Stabilit\u00e4t, Wohlstand und Vertrauen wachsen k\u00f6nnen.\u201c Sie unterstrich, dass Astor nicht nur Gastgeber, sondern selbst Anspruchsteller sei, nachdem das Land im Rahmen des Konflikts von Ratelon angegriffen wurde.<\/p>\n\n\n\n<h2 class=\"wp-block-heading\">Teilnehmer mit klaren Positionen<\/h2>\n\n\n\n<p class=\"wp-block-paragraph\">Zu den Teilnehmern geh\u00f6ren neben der astorischen Delegation auch hochrangige Vertreter aus Albernia, Cranberra, Roldem, Salbor, Ratelon, Severanien, Gran Novara und Al Targa. Besonders brisant ist die Teilnahme Severaniens und Gran Novaras, die erst nach j\u00fcngsten politischen Entwicklungen zu den Gespr\u00e4che eingeladen wurden. Severanien hatte erkl\u00e4rt, kein langfristiges Interesse an der Kontrolle besetzter Gebiete zu haben, w\u00e4hrend Gran Novara ein Referendum \u00fcber die Zukunft Heroths angek\u00fcndigt hat.<\/p>\n\n\n\n<h2 class=\"wp-block-heading\">Schwierige Verhandlungen erwartet<\/h2>\n\n\n\n<p class=\"wp-block-paragraph\">Auch wenn allein die Tatsache, dass alle Parteien an einem Tisch sitzen, als diplomatischer Erfolg gewertet werden kann, sind die Positionen nach wie vor verh\u00e4rtet. Insbesondere die Zukunft besetzter Gebiete, Sicherheitsgarantien und Reparationen d\u00fcrften im Zentrum der Verhandlungen stehen.<\/p>\n\n\n\n<p class=\"wp-block-paragraph\">Die internationale Gemeinschaft blickt gespannt auf die Gespr\u00e4che. Ein Durchbruch k\u00f6nnte nicht nur die akuten Spannungen entsch\u00e4rfen, sondern auch die geopolitischen Verh\u00e4ltnisse der kommenden Jahre pr\u00e4gen. Ob die Delegationen zu einer Einigung finden, bleibt abzuwarten \u2013 doch mit dem heutigen Tag hat der diplomatische Prozess begonnen.<\/p>\n","protected":false},"excerpt":{"rendered":"<p>D.C., 31. M\u00e4rz 2025 \u2013 In der Hauptstadt der Vereinigten Staaten von Astor hat heute die mit Spannung erwartete Friedenskonferenz begonnen. Vertreter aus neun Nationen sind angereist, um \u00fcber die Beilegung der j\u00fcngsten Konflikte und eine langfristige Stabilit\u00e4t in der Region zu verhandeln. Pr\u00e4sidentin Tamara Arroyo er\u00f6ffnete die Konferenz mit einer eindringlichen Rede, in der [&hellip;]<\/p>\n","protected":false},"author":15969,"featured_media":10762,"comment_status":"closed","ping_status":"","sticky":false,"template":"","format":"standard","meta":{"_crdt_document":"","footnotes":""},"categories":[1,82,290,1008,30,89,604,88,869],"tags":[652,656,503,1003,654,951,962,653,97],"class_list":["post-10761","post","type-post","status-publish","format-standard","has-post-thumbnail","hentry","category-international","category-albernia","category-astor","category-cranberra","category-demokratische-union","category-gran-novara","category-medianisches-imperium","category-severanien","category-targa","tag-albernia","tag-astor","tag-cranberra","tag-friedensverhandlungen","tag-gran-novara","tag-ratelon","tag-roldem","tag-severanien","tag-targa"],"_links":{"self":[{"href":"https:\/\/www.mn-nachrichten.de\/index.php?rest_route=\/wp\/v2\/posts\/10761","targetHints":{"allow":["GET"]}}],"collection":[{"href":"https:\/\/www.mn-nachrichten.de\/index.php?rest_route=\/wp\/v2\/posts"}],"about":[{"href":"https:\/\/www.mn-nachrichten.de\/index.php?rest_route=\/wp\/v2\/types\/post"}],"author":[{"embeddable":true,"href":"https:\/\/www.mn-nachrichten.de\/index.php?rest_route=\/wp\/v2\/users\/15969"}],"replies":[{"embeddable":true,"href":"https:\/\/www.mn-nachrichten.de\/index.php?rest_route=%2Fwp%2Fv2%2Fcomments&post=10761"}],"version-history":[{"count":1,"href":"https:\/\/www.mn-nachrichten.de\/index.php?rest_route=\/wp\/v2\/posts\/10761\/revisions"}],"predecessor-version":[{"id":10763,"href":"https:\/\/www.mn-nachrichten.de\/index.php?rest_route=\/wp\/v2\/posts\/10761\/revisions\/10763"}],"wp:featuredmedia":[{"embeddable":true,"href":"https:\/\/www.mn-nachrichten.de\/index.php?rest_route=\/wp\/v2\/media\/10762"}],"wp:attachment":[{"href":"https:\/\/www.mn-nachrichten.de\/index.php?rest_route=%2Fwp%2Fv2%2Fmedia&parent=10761"}],"wp:term":[{"taxonomy":"category","embeddable":true,"href":"https:\/\/www.mn-nachrichten.de\/index.php?rest_route=%2Fwp%2Fv2%2Fcategories&post=10761"},{"taxonomy":"post_tag","embeddable":true,"href":"https:\/\/www.mn-nachrichten.de\/index.php?rest_route=%2Fwp%2Fv2%2Ftags&post=10761"}],"curies":[{"name":"wp","href":"https:\/\/api.w.org\/{rel}","templated":true}]}}