{"id":10569,"date":"2025-03-21T23:23:47","date_gmt":"2025-03-21T22:23:47","guid":{"rendered":"https:\/\/www.mn-nachrichten.de\/?p=10569"},"modified":"2025-03-21T23:26:17","modified_gmt":"2025-03-21T22:26:17","slug":"unabhaengige-untersuchung-zu-den-geschehnissen-in-ratelon-eingeleitet","status":"publish","type":"post","link":"https:\/\/www.mn-nachrichten.de\/?p=10569","title":{"rendered":"Unabh\u00e4ngige Untersuchung zu den Geschehnissen in Ratelon eingeleitet"},"content":{"rendered":"\n<p class=\"wp-block-paragraph\">Zesselinga, G0212\/03\/12025 \u2013 Die Verbundsrepublik Gurkistan hat eine unabh\u00e4ngige Untersuchung zu den Ereignissen im Ratelon-Konflikt angek\u00fcndigt. Pr\u00e4sident Tin Velic betonte in einer Stellungnahme, dass es im Interesse der internationalen Stabilit\u00e4t liege, die Entwicklungen der letzten Monate sachlich und unparteiisch aufzuarbeiten.<\/p>\n\n\n\n<p class=\"wp-block-paragraph\">\u201eWir haben widerspr\u00fcchliche Darstellungen der Geschehnisse und Akteure. Um eine fundierte Basis f\u00fcr k\u00fcnftige Gespr\u00e4che zu schaffen, werden wir alle relevanten Informationen analysieren und mit neutralen Experten bewerten\u201c, erkl\u00e4rte ein Sprecher der Regierung.<\/p>\n\n\n\n<p class=\"wp-block-paragraph\">Die Untersuchung, die vom renommierten Institut f\u00fcr Geopolitik und Wirtschaftsforschung und einigen Universit\u00e4ten begleitet wird, soll sowohl milit\u00e4rische Operationen als auch diplomatische Entwicklungen beleuchten. Besonders im Fokus stehen die Vorw\u00fcrfe gegen verschiedene Konfliktparteien sowie die Legitimit\u00e4t der bisherigen Friedensgespr\u00e4che.<\/p>\n\n\n\n<p class=\"wp-block-paragraph\">Pr\u00e4sident Velic betonte abschlie\u00dfend, dass Gurkistan als neutrale Kraft eine objektive Untersuchung gew\u00e4hrleisten werde: \u201eNur wer Transparenz nicht scheut, kann glaubw\u00fcrdig an einer Friedensl\u00f6sung arbeiten.\u201c<\/p>\n","protected":false},"excerpt":{"rendered":"<p>Zesselinga, G0212\/03\/12025 \u2013 Die Verbundsrepublik Gurkistan hat eine unabh\u00e4ngige Untersuchung zu den Ereignissen im Ratelon-Konflikt angek\u00fcndigt. Pr\u00e4sident Tin Velic betonte in einer Stellungnahme, dass es im Interesse der internationalen Stabilit\u00e4t liege, die Entwicklungen der letzten Monate sachlich und unparteiisch aufzuarbeiten. \u201eWir haben widerspr\u00fcchliche Darstellungen der Geschehnisse und Akteure. Um eine fundierte Basis f\u00fcr k\u00fcnftige Gespr\u00e4che [&hellip;]<\/p>\n","protected":false},"author":15974,"featured_media":10571,"comment_status":"closed","ping_status":"","sticky":false,"template":"","format":"standard","meta":{"_crdt_document":"","footnotes":""},"categories":[1,82,30,10,89,980,88,869],"tags":[],"class_list":["post-10569","post","type-post","status-publish","format-standard","has-post-thumbnail","hentry","category-international","category-albernia","category-demokratische-union","category-futuna","category-gran-novara","category-gurkistan","category-severanien","category-targa"],"_links":{"self":[{"href":"https:\/\/www.mn-nachrichten.de\/index.php?rest_route=\/wp\/v2\/posts\/10569","targetHints":{"allow":["GET"]}}],"collection":[{"href":"https:\/\/www.mn-nachrichten.de\/index.php?rest_route=\/wp\/v2\/posts"}],"about":[{"href":"https:\/\/www.mn-nachrichten.de\/index.php?rest_route=\/wp\/v2\/types\/post"}],"author":[{"embeddable":true,"href":"https:\/\/www.mn-nachrichten.de\/index.php?rest_route=\/wp\/v2\/users\/15974"}],"replies":[{"embeddable":true,"href":"https:\/\/www.mn-nachrichten.de\/index.php?rest_route=%2Fwp%2Fv2%2Fcomments&post=10569"}],"version-history":[{"count":2,"href":"https:\/\/www.mn-nachrichten.de\/index.php?rest_route=\/wp\/v2\/posts\/10569\/revisions"}],"predecessor-version":[{"id":10572,"href":"https:\/\/www.mn-nachrichten.de\/index.php?rest_route=\/wp\/v2\/posts\/10569\/revisions\/10572"}],"wp:featuredmedia":[{"embeddable":true,"href":"https:\/\/www.mn-nachrichten.de\/index.php?rest_route=\/wp\/v2\/media\/10571"}],"wp:attachment":[{"href":"https:\/\/www.mn-nachrichten.de\/index.php?rest_route=%2Fwp%2Fv2%2Fmedia&parent=10569"}],"wp:term":[{"taxonomy":"category","embeddable":true,"href":"https:\/\/www.mn-nachrichten.de\/index.php?rest_route=%2Fwp%2Fv2%2Fcategories&post=10569"},{"taxonomy":"post_tag","embeddable":true,"href":"https:\/\/www.mn-nachrichten.de\/index.php?rest_route=%2Fwp%2Fv2%2Ftags&post=10569"}],"curies":[{"name":"wp","href":"https:\/\/api.w.org\/{rel}","templated":true}]}}