{"id":10397,"date":"2025-03-20T21:18:38","date_gmt":"2025-03-20T20:18:38","guid":{"rendered":"https:\/\/www.mn-nachrichten.de\/?p=10397"},"modified":"2025-03-21T00:16:04","modified_gmt":"2025-03-20T23:16:04","slug":"gurkistan-setzt-neue-massstaebe-im-katastrophenschutz-autonome-drohnenflotten-in-entwicklung","status":"publish","type":"post","link":"https:\/\/www.mn-nachrichten.de\/?p=10397","title":{"rendered":"Gurkistan setzt neue Ma\u00dfst\u00e4be im Katastrophenschutz \u2013 Autonome Drohnenflotten in Entwicklung"},"content":{"rendered":"\n<p class=\"wp-block-paragraph\">Konfort, G9201\/03\/12025 \u2013 Das Konforter Privatinstitut f\u00fcr Technologieentwicklung und Sicherheitsl\u00f6sungen hat eine bahnbrechende Forschungsinitiative angek\u00fcndigt: Eine hochmoderne Flotte autonomer Drohnen soll in Zukunft bei Katastropheneins\u00e4tzen schnelle und pr\u00e4zise Hilfe leisten. Offiziellen Angaben zufolge stehen dabei vor allem Eins\u00e4tze in schwer zug\u00e4nglichen Regionen wie dem n\u00f6rdlichen Gebirge sowie die schnelle Datenverarbeitung in Krisensituationen im Fokus.<\/p>\n\n\n\n<p class=\"wp-block-paragraph\">Besonders bemerkenswert ist die enge Verzahnung der Drohnentechnologie mit digitalen Algorithmen, was eine v\u00f6llig neue Stufe der Automatisierung erm\u00f6glicht. Die Drohnen sollen v\u00f6llig unabh\u00e4ngig von menschlicher Steuerung operieren, selbstst\u00e4ndig Gel\u00e4nde analysieren und in k\u00fcrzester Zeit Einsatzstrategien berechnen. Zudem sind sie mit modernster Sensorik ausgestattet, die nicht nur zur Personenortung, sondern auch zur strukturellen Analyse von Geb\u00e4uden und Infrastrukturen eingesetzt werden kann.<\/p>\n\n\n\n<p class=\"wp-block-paragraph\">Internationale Experten beobachten das ambitionierte Projekt mit gemischten Gef\u00fchlen. W\u00e4hrend einige die technologische Innovationskraft Gurkistans loben, fragen sich andere, ob ein so umfassendes Drohnenprogramm wirklich nur dem Katastrophenschutz dienen soll. Dass die Drohnenflotte auch in extremen Umweltbedingungen und \u201eunkontrollierten Zonen\u201c einsetzbar sein soll, wirft weitere Fragen auf.<\/p>\n\n\n\n<p class=\"wp-block-paragraph\">Das Konforter Institut weist jedoch alle Spekulationen zur\u00fcck und betont, dass das Projekt ausschlie\u00dflich humanit\u00e4ren Zwecken dient. Erste Tests in abgelegenen Gebieten Gurkistans seien bereits erfolgreich verlaufen \u2013 und es sei geplant, die Drohnenflotte gegebenenfalls auch anderen Staaten mit beispielsweise hohem Erdbeben-Risiko zur Verf\u00fcgung zu stellen, die besonderen Bedarf an schneller Luftunterst\u00fctzung haben.<\/p>\n\n\n\n<p class=\"wp-block-paragraph\">\u2013 Gurkistan setzt mit seiner Drohnentechnologie weltweit neue Standards.<\/p>\n\n\n\n<p class=\"wp-block-paragraph\"><\/p>\n","protected":false},"excerpt":{"rendered":"<p>Konfort, G9201\/03\/12025 \u2013 Das Konforter Privatinstitut f\u00fcr Technologieentwicklung und Sicherheitsl\u00f6sungen hat eine bahnbrechende Forschungsinitiative angek\u00fcndigt: Eine hochmoderne Flotte autonomer Drohnen soll in Zukunft bei Katastropheneins\u00e4tzen schnelle und pr\u00e4zise Hilfe leisten. Offiziellen Angaben zufolge stehen dabei vor allem Eins\u00e4tze in schwer zug\u00e4nglichen Regionen wie dem n\u00f6rdlichen Gebirge sowie die schnelle Datenverarbeitung in Krisensituationen im Fokus. Besonders [&hellip;]<\/p>\n","protected":false},"author":15974,"featured_media":0,"comment_status":"closed","ping_status":"","sticky":false,"template":"","format":"standard","meta":{"_crdt_document":"","footnotes":""},"categories":[5,980],"tags":[],"class_list":["post-10397","post","type-post","status-publish","format-standard","hentry","category-wissenschaft","category-gurkistan"],"_links":{"self":[{"href":"https:\/\/www.mn-nachrichten.de\/index.php?rest_route=\/wp\/v2\/posts\/10397","targetHints":{"allow":["GET"]}}],"collection":[{"href":"https:\/\/www.mn-nachrichten.de\/index.php?rest_route=\/wp\/v2\/posts"}],"about":[{"href":"https:\/\/www.mn-nachrichten.de\/index.php?rest_route=\/wp\/v2\/types\/post"}],"author":[{"embeddable":true,"href":"https:\/\/www.mn-nachrichten.de\/index.php?rest_route=\/wp\/v2\/users\/15974"}],"replies":[{"embeddable":true,"href":"https:\/\/www.mn-nachrichten.de\/index.php?rest_route=%2Fwp%2Fv2%2Fcomments&post=10397"}],"version-history":[{"count":2,"href":"https:\/\/www.mn-nachrichten.de\/index.php?rest_route=\/wp\/v2\/posts\/10397\/revisions"}],"predecessor-version":[{"id":10399,"href":"https:\/\/www.mn-nachrichten.de\/index.php?rest_route=\/wp\/v2\/posts\/10397\/revisions\/10399"}],"wp:attachment":[{"href":"https:\/\/www.mn-nachrichten.de\/index.php?rest_route=%2Fwp%2Fv2%2Fmedia&parent=10397"}],"wp:term":[{"taxonomy":"category","embeddable":true,"href":"https:\/\/www.mn-nachrichten.de\/index.php?rest_route=%2Fwp%2Fv2%2Fcategories&post=10397"},{"taxonomy":"post_tag","embeddable":true,"href":"https:\/\/www.mn-nachrichten.de\/index.php?rest_route=%2Fwp%2Fv2%2Ftags&post=10397"}],"curies":[{"name":"wp","href":"https:\/\/api.w.org\/{rel}","templated":true}]}}