{"id":10392,"date":"2025-03-20T19:54:34","date_gmt":"2025-03-20T18:54:34","guid":{"rendered":"https:\/\/www.mn-nachrichten.de\/?p=10392"},"modified":"2025-03-21T00:14:55","modified_gmt":"2025-03-20T23:14:55","slug":"gurkistan-warnt-vor-eskalation-und-bietet-sich-als-vermittler-im-ratelon-konflikt-an","status":"publish","type":"post","link":"https:\/\/www.mn-nachrichten.de\/?p=10392","title":{"rendered":"Gurkistan warnt vor Eskalation und bietet sich als Vermittler im Ratelon-Konflikt an"},"content":{"rendered":"\n<p class=\"has-white-color has-text-color has-background has-link-color wp-elements-972413cbf1ef1f1b5441fc804363210b wp-block-paragraph\" style=\"background-color:#148394\">Konfort, G9201\/03\/12025 \u2013 W\u00e4hrend die Spannungen zwischen dem Westen und der Intesa Cordiale weiter zunehmen, hat sich Gurkistan als neutrale Vermittlungsinstanz ins Gespr\u00e4ch gebracht. Pr\u00e4sident Tin Velic betonte in einer Pressekonferenz, dass eine einseitige Friedensl\u00f6sung keine langfristige Stabilit\u00e4t bringen werde und rief beide Seiten zur Zur\u00fcckhaltung auf.<\/p>\n\n\n\n<p class=\"wp-block-paragraph\">\u201eGurkistan war und bleibt ein neutraler Pufferstaat zwischen den Machtbl\u00f6cken. Unsere geografische Lage macht uns zu einem nat\u00fcrlichen Vermittler. Wir sind bereit, diplomatische Gespr\u00e4che zu f\u00f6rdern, die alle relevanten Akteure einbeziehen\u201c, erkl\u00e4rte Velic.<\/p>\n\n\n\n<p class=\"wp-block-paragraph\">Hintergrund ist die Ank\u00fcndigung von Albernia und den Vereinigten Staaten von Astor, Friedensverhandlungen ohne Beteiligung Severaniens, Gran Novaras, Targas und Futunas abzuhalten. Die Intesa-Staaten reagierten darauf mit scharfer Kritik und warfen dem Westen vor, einen Separatfrieden zu erzwingen.<\/p>\n\n\n\n<p class=\"wp-block-paragraph\">Politische Analysten des Portals Konfort-Online sehen Gurkistan als eine Art \u201eNeutraler Pufferzone in XXL\u201c, einen Staat, der strategisch zwischen den verfeindeten Bl\u00f6cken liegt und eine wichtige Stabilit\u00e4tsfunktion erf\u00fcllt. Die direkte Nachbarschaft zu Ratelon, das selbst zwischen den Machtzentren eingeklemmt ist, macht das Land zu einem m\u00f6glichen Sicherheitsgaranten.<\/p>\n\n\n\n<p class=\"wp-block-paragraph\">Velic betonte, dass Gurkistan kein Interesse daran habe, sich in einen geopolitischen Machtkampf hineinziehen zu lassen: \u201eUnsere Priorit\u00e4t ist, eine Eskalation zu verhindern. Wir erwarten von beiden Seiten, dass sie unsere Neutralit\u00e4t respektieren und keine Ma\u00dfnahmen ergreifen, die unsere Souver\u00e4nit\u00e4t gef\u00e4hrden.\u201c<\/p>\n\n\n\n<p class=\"wp-block-paragraph\">Insiderkreise berichten, dass Gurkistan m\u00f6glicherweise ein alternatives diplomatisches Format vorschlagen k\u00f6nnte, das sowohl westliche als auch Intesa-Staaten an einen Tisch bringt. \u201eEin Frieden, der nur mit einer Seite geschlossen wird, ist kein wirklicher Frieden\u201c, so ein hochrangiger Regierungsvertreter.<\/p>\n","protected":false},"excerpt":{"rendered":"<p>Konfort, G9201\/03\/12025 \u2013 W\u00e4hrend die Spannungen zwischen dem Westen und der Intesa Cordiale weiter zunehmen, hat sich Gurkistan als neutrale Vermittlungsinstanz ins Gespr\u00e4ch gebracht. Pr\u00e4sident Tin Velic betonte in einer Pressekonferenz, dass eine einseitige Friedensl\u00f6sung keine langfristige Stabilit\u00e4t bringen werde und rief beide Seiten zur Zur\u00fcckhaltung auf. \u201eGurkistan war und bleibt ein neutraler Pufferstaat zwischen [&hellip;]<\/p>\n","protected":false},"author":15974,"featured_media":0,"comment_status":"closed","ping_status":"","sticky":false,"template":"","format":"standard","meta":{"_crdt_document":"","footnotes":""},"categories":[1,82,290,30,980],"tags":[979],"class_list":["post-10392","post","type-post","status-publish","format-standard","hentry","category-international","category-albernia","category-astor","category-demokratische-union","category-gurkistan","tag-gurkistan"],"_links":{"self":[{"href":"https:\/\/www.mn-nachrichten.de\/index.php?rest_route=\/wp\/v2\/posts\/10392","targetHints":{"allow":["GET"]}}],"collection":[{"href":"https:\/\/www.mn-nachrichten.de\/index.php?rest_route=\/wp\/v2\/posts"}],"about":[{"href":"https:\/\/www.mn-nachrichten.de\/index.php?rest_route=\/wp\/v2\/types\/post"}],"author":[{"embeddable":true,"href":"https:\/\/www.mn-nachrichten.de\/index.php?rest_route=\/wp\/v2\/users\/15974"}],"replies":[{"embeddable":true,"href":"https:\/\/www.mn-nachrichten.de\/index.php?rest_route=%2Fwp%2Fv2%2Fcomments&post=10392"}],"version-history":[{"count":5,"href":"https:\/\/www.mn-nachrichten.de\/index.php?rest_route=\/wp\/v2\/posts\/10392\/revisions"}],"predecessor-version":[{"id":10400,"href":"https:\/\/www.mn-nachrichten.de\/index.php?rest_route=\/wp\/v2\/posts\/10392\/revisions\/10400"}],"wp:attachment":[{"href":"https:\/\/www.mn-nachrichten.de\/index.php?rest_route=%2Fwp%2Fv2%2Fmedia&parent=10392"}],"wp:term":[{"taxonomy":"category","embeddable":true,"href":"https:\/\/www.mn-nachrichten.de\/index.php?rest_route=%2Fwp%2Fv2%2Fcategories&post=10392"},{"taxonomy":"post_tag","embeddable":true,"href":"https:\/\/www.mn-nachrichten.de\/index.php?rest_route=%2Fwp%2Fv2%2Ftags&post=10392"}],"curies":[{"name":"wp","href":"https:\/\/api.w.org\/{rel}","templated":true}]}}