{"id":10389,"date":"2025-03-20T13:10:34","date_gmt":"2025-03-20T12:10:34","guid":{"rendered":"https:\/\/www.mn-nachrichten.de\/?p=10389"},"modified":"2025-03-20T13:10:34","modified_gmt":"2025-03-20T12:10:34","slug":"freistaat-fuchsen-gratuliert-bernward-schroeer-zur-wahl-zum-provisorischen-unionspraesidenten-der-demokratischen-union","status":"publish","type":"post","link":"https:\/\/www.mn-nachrichten.de\/?p=10389","title":{"rendered":"Freistaat Fuchsen gratuliert Bernward Schr\u00f6er zur Wahl zum provisorischen Unionspr\u00e4sidenten der Demokratischen Union"},"content":{"rendered":"\n<p class=\"wp-block-paragraph\"><strong>Klapsm\u00fchltal, 20. M\u00e4rz 2025<\/strong>\u00a0\u2013 Der Freistaat Fuchsen gratuliert Herrn Bernward Schr\u00f6er zu seiner Ernennung zum provisorischen Unionspr\u00e4sidenten der Demokratischen Union. Die Regierung des Freistaates nimmt die Nachricht mit gro\u00dfem Interesse zur Kenntnis und w\u00fcnscht dem neuen Amtstr\u00e4ger viel Erfolg bei der Bew\u00e4ltigung der vor ihm liegenden Herausforderungen.<\/p>\n\n\n\n<p class=\"wp-block-paragraph\">Hofkanzler Manfred Hilgenbecker erkl\u00e4rte: &#8222;Im Namen des Freistaates Fuchsen und seiner B\u00fcrgerinnen und B\u00fcrger \u00fcbermittle ich Herrn Schr\u00f6er meine aufrichtigen Gl\u00fcckw\u00fcnsche zu seiner Ernennung. In diesen schwierigen Zeiten des Umbruchs und Wiederaufbaus ist eine stabile F\u00fchrung von entscheidender Bedeutung. Wir verfolgen die Entwicklungen in der Demokratischen Union mit gro\u00dfer Aufmerksamkeit und Anteilnahme.&#8220;<\/p>\n\n\n\n<p class=\"wp-block-paragraph\">Der Freistaat Fuchsen bekundet sein Interesse an einer Intensivierung der diplomatischen Beziehungen und bietet der neuen F\u00fchrung der Demokratischen Union einen konstruktiven Dialog an. &#8222;Der Freistaat Fuchsen steht bereit, die bilateralen Beziehungen zu vertiefen und einen Beitrag zur Stabilisierung und zum Wiederaufbau zu leisten&#8220;, so Hofkanzler Hilgenbecker weiter.<\/p>\n\n\n\n<p class=\"wp-block-paragraph\">In diesem Zusammenhang l\u00e4dt die Regierung des Freistaates Fuchsen Pr\u00e4sident Schr\u00f6er zu einem offiziellen Staatsbesuch nach Fuchsingen ein, um M\u00f6glichkeiten der Zusammenarbeit in den Bereichen Wirtschaft, Kultur und Sicherheit zu er\u00f6rtern. Zudem bietet der Freistaat Fuchsen humanit\u00e4re Unterst\u00fctzung an, um zur Linderung der Notlage der Bev\u00f6lkerung beizutragen.<\/p>\n\n\n\n<p class=\"wp-block-paragraph\">Die Regierung des Freistaates Fuchsen spricht dem scheidenden provisorischen Unionspr\u00e4sidenten Patrick Martinshof ihr Mitgef\u00fchl aus und w\u00fcnscht ihm eine baldige Genesung.<\/p>\n","protected":false},"excerpt":{"rendered":"<p>Klapsm\u00fchltal, 20. M\u00e4rz 2025\u00a0\u2013 Der Freistaat Fuchsen gratuliert Herrn Bernward Schr\u00f6er zu seiner Ernennung zum provisorischen Unionspr\u00e4sidenten der Demokratischen Union. Die Regierung des Freistaates nimmt die Nachricht mit gro\u00dfem Interesse zur Kenntnis und w\u00fcnscht dem neuen Amtstr\u00e4ger viel Erfolg bei der Bew\u00e4ltigung der vor ihm liegenden Herausforderungen. Hofkanzler Manfred Hilgenbecker erkl\u00e4rte: &#8222;Im Namen des Freistaates [&hellip;]<\/p>\n","protected":false},"author":15975,"featured_media":10391,"comment_status":"closed","ping_status":"","sticky":false,"template":"","format":"standard","meta":{"_crdt_document":"","footnotes":""},"categories":[1,30,11],"tags":[],"class_list":["post-10389","post","type-post","status-publish","format-standard","has-post-thumbnail","hentry","category-international","category-demokratische-union","category-fuchsen"],"_links":{"self":[{"href":"https:\/\/www.mn-nachrichten.de\/index.php?rest_route=\/wp\/v2\/posts\/10389","targetHints":{"allow":["GET"]}}],"collection":[{"href":"https:\/\/www.mn-nachrichten.de\/index.php?rest_route=\/wp\/v2\/posts"}],"about":[{"href":"https:\/\/www.mn-nachrichten.de\/index.php?rest_route=\/wp\/v2\/types\/post"}],"author":[{"embeddable":true,"href":"https:\/\/www.mn-nachrichten.de\/index.php?rest_route=\/wp\/v2\/users\/15975"}],"replies":[{"embeddable":true,"href":"https:\/\/www.mn-nachrichten.de\/index.php?rest_route=%2Fwp%2Fv2%2Fcomments&post=10389"}],"version-history":[{"count":1,"href":"https:\/\/www.mn-nachrichten.de\/index.php?rest_route=\/wp\/v2\/posts\/10389\/revisions"}],"predecessor-version":[{"id":10390,"href":"https:\/\/www.mn-nachrichten.de\/index.php?rest_route=\/wp\/v2\/posts\/10389\/revisions\/10390"}],"wp:featuredmedia":[{"embeddable":true,"href":"https:\/\/www.mn-nachrichten.de\/index.php?rest_route=\/wp\/v2\/media\/10391"}],"wp:attachment":[{"href":"https:\/\/www.mn-nachrichten.de\/index.php?rest_route=%2Fwp%2Fv2%2Fmedia&parent=10389"}],"wp:term":[{"taxonomy":"category","embeddable":true,"href":"https:\/\/www.mn-nachrichten.de\/index.php?rest_route=%2Fwp%2Fv2%2Fcategories&post=10389"},{"taxonomy":"post_tag","embeddable":true,"href":"https:\/\/www.mn-nachrichten.de\/index.php?rest_route=%2Fwp%2Fv2%2Ftags&post=10389"}],"curies":[{"name":"wp","href":"https:\/\/api.w.org\/{rel}","templated":true}]}}