{"id":1037,"date":"2008-08-17T16:41:06","date_gmt":"2008-08-17T14:41:06","guid":{"rendered":"http:\/\/www.mn-nachrichten.de\/?p=1037"},"modified":"2019-11-03T17:23:51","modified_gmt":"2019-11-03T16:23:51","slug":"verdana-darmstadtium-in-verdana-umbennant","status":"publish","type":"post","link":"https:\/\/www.mn-nachrichten.de\/?p=1037","title":{"rendered":"[Verdana] Darmstadtium in Verdana umbenannt!"},"content":{"rendered":"<p><strong><em>Verdania City<\/em><\/strong> &#8211; Die ehemalige Republik Darmstadtium wurde heute in Republik Verdana umbenannt. Grund f\u00fcr diese \u00c4nderung seien historische Beweise f\u00fcr eine Provinz, die im heutigen Verdana liegt. Diese hie\u00df damals Verdania und war Teil eines unbekannten Gro\u00dfimperiums. Im Laufe der Zeit und der Unabh\u00e4ngigkeit wurde es in Verdana umbenannt.<\/p>\n<p>Darmstadtium ist ab jetzt Geschichte und Verdana schreibt ab heute eine neue!<\/p>\n","protected":false},"excerpt":{"rendered":"<p>Verdania City &#8211; Die ehemalige Republik Darmstadtium wurde heute in Republik Verdana umbenannt. Grund f\u00fcr diese \u00c4nderung seien historische Beweise f\u00fcr eine Provinz, die im heutigen Verdana liegt. Diese hie\u00df damals Verdania und war Teil eines unbekannten Gro\u00dfimperiums. Im Laufe der Zeit und der Unabh\u00e4ngigkeit wurde es in Verdana umbenannt. Darmstadtium ist ab jetzt Geschichte [&hellip;]<\/p>\n","protected":false},"author":206,"featured_media":0,"comment_status":"open","ping_status":"closed","sticky":false,"template":"","format":"standard","meta":{"_crdt_document":"","footnotes":""},"categories":[86],"tags":[113,112],"class_list":["post-1037","post","type-post","status-publish","format-standard","hentry","category-untergegangen","tag-darmstadtium","tag-verdana"],"_links":{"self":[{"href":"https:\/\/www.mn-nachrichten.de\/index.php?rest_route=\/wp\/v2\/posts\/1037","targetHints":{"allow":["GET"]}}],"collection":[{"href":"https:\/\/www.mn-nachrichten.de\/index.php?rest_route=\/wp\/v2\/posts"}],"about":[{"href":"https:\/\/www.mn-nachrichten.de\/index.php?rest_route=\/wp\/v2\/types\/post"}],"author":[{"embeddable":true,"href":"https:\/\/www.mn-nachrichten.de\/index.php?rest_route=\/wp\/v2\/users\/206"}],"replies":[{"embeddable":true,"href":"https:\/\/www.mn-nachrichten.de\/index.php?rest_route=%2Fwp%2Fv2%2Fcomments&post=1037"}],"version-history":[{"count":5,"href":"https:\/\/www.mn-nachrichten.de\/index.php?rest_route=\/wp\/v2\/posts\/1037\/revisions"}],"predecessor-version":[{"id":8299,"href":"https:\/\/www.mn-nachrichten.de\/index.php?rest_route=\/wp\/v2\/posts\/1037\/revisions\/8299"}],"wp:attachment":[{"href":"https:\/\/www.mn-nachrichten.de\/index.php?rest_route=%2Fwp%2Fv2%2Fmedia&parent=1037"}],"wp:term":[{"taxonomy":"category","embeddable":true,"href":"https:\/\/www.mn-nachrichten.de\/index.php?rest_route=%2Fwp%2Fv2%2Fcategories&post=1037"},{"taxonomy":"post_tag","embeddable":true,"href":"https:\/\/www.mn-nachrichten.de\/index.php?rest_route=%2Fwp%2Fv2%2Ftags&post=1037"}],"curies":[{"name":"wp","href":"https:\/\/api.w.org\/{rel}","templated":true}]}}